
{"id":5666,"date":"2012-11-13T15:50:51","date_gmt":"2012-11-13T15:50:51","guid":{"rendered":"https:\/\/www.tnsglobal.pl\/archiwumraportow\/?p=5666"},"modified":"2014-03-28T15:53:15","modified_gmt":"2014-03-28T15:53:15","slug":"opinie-polakow-na-temat-obchodow-waznych-rocznic","status":"publish","type":"post","link":"https:\/\/public.kantarpolska.com\/archiwumraportow\/2012\/11\/13\/opinie-polakow-na-temat-obchodow-waznych-rocznic\/","title":{"rendered":"Opinie Polak\u00f3w na temat obchod\u00f3w wa\u017cnych rocznic"},"content":{"rendered":"<p>Tendencja do obchodzenia wa\u017cnych wydarze\u0144 historycznych i uroczyste komemoracje wybitnych Polak\u00f3w s\u0105 znacz\u0105cym elementem krajobrazu spo\u0142ecznego i politycznego Polski, a niekt\u00f3re z tych obchod\u00f3w, tak jak ubieg\u0142oroczne i tegoroczne obchody<!--more--> \u015awi\u0119ta Niepodleg\u0142o\u015bci lub rocznica katastrofy smole\u0144skiej anga\u017cuj\u0105 wielkie emocje. W sonda\u017cu z dn. 8-13 listopada 2012 r. Zesp\u00f3\u0142 Bada\u0144 Spo\u0142ecznych OBOP w TNS Polska zbada\u0142 niekt\u00f3re pogl\u0105dy na komemoracj\u0119 wydarze\u0144 z historii Polski. Komunikat zdaje spraw\u0119 z tego badania.<\/p>\n<div class=\"infopay\">Raport udost\u0119pniany jest bezp\u0142atnie, w us\u0142udze &#8222;udost\u0119pnij aby pobra\u0107&#8221;.<br \/>\n<b>Na czym to polega?<\/b> Raport b\u0119dzie dost\u0119pny do pobrania w pdf po udost\u0119pnieniu wpisu z linkiem do Archiwum Raport\u00f3w TNS Polska na wybranym serwisie spo\u0142eczno\u015bciowym: Facebooku lub Twitterze.<\/div>\n","protected":false},"excerpt":{"rendered":"<p>Tendencja do obchodzenia wa\u017cnych wydarze\u0144 historycznych i uroczyste komemoracje wybitnych Polak\u00f3w s\u0105 znacz\u0105cym elementem krajobrazu spo\u0142ecznego i politycznego Polski, a niekt\u00f3re z tych obchod\u00f3w, tak jak ubieg\u0142oroczne i tegoroczne obchody<\/p>\n","protected":false},"author":11,"featured_media":0,"comment_status":"closed","ping_status":"closed","sticky":false,"template":"","format":"standard","meta":{"ngg_post_thumbnail":0},"categories":[1],"tags":[93],"_links":{"self":[{"href":"https:\/\/public.kantarpolska.com\/archiwumraportow\/wp-json\/wp\/v2\/posts\/5666"}],"collection":[{"href":"https:\/\/public.kantarpolska.com\/archiwumraportow\/wp-json\/wp\/v2\/posts"}],"about":[{"href":"https:\/\/public.kantarpolska.com\/archiwumraportow\/wp-json\/wp\/v2\/types\/post"}],"author":[{"embeddable":true,"href":"https:\/\/public.kantarpolska.com\/archiwumraportow\/wp-json\/wp\/v2\/users\/11"}],"replies":[{"embeddable":true,"href":"https:\/\/public.kantarpolska.com\/archiwumraportow\/wp-json\/wp\/v2\/comments?post=5666"}],"version-history":[{"count":1,"href":"https:\/\/public.kantarpolska.com\/archiwumraportow\/wp-json\/wp\/v2\/posts\/5666\/revisions"}],"predecessor-version":[{"id":5668,"href":"https:\/\/public.kantarpolska.com\/archiwumraportow\/wp-json\/wp\/v2\/posts\/5666\/revisions\/5668"}],"wp:attachment":[{"href":"https:\/\/public.kantarpolska.com\/archiwumraportow\/wp-json\/wp\/v2\/media?parent=5666"}],"wp:term":[{"taxonomy":"category","embeddable":true,"href":"https:\/\/public.kantarpolska.com\/archiwumraportow\/wp-json\/wp\/v2\/categories?post=5666"},{"taxonomy":"post_tag","embeddable":true,"href":"https:\/\/public.kantarpolska.com\/archiwumraportow\/wp-json\/wp\/v2\/tags?post=5666"}],"curies":[{"name":"wp","href":"https:\/\/api.w.org\/{rel}","templated":true}]}}