
{"id":5663,"date":"2012-11-25T15:46:58","date_gmt":"2012-11-25T15:46:58","guid":{"rendered":"https:\/\/www.tnsglobal.pl\/archiwumraportow\/?p=5663"},"modified":"2014-03-28T15:50:24","modified_gmt":"2014-03-28T15:50:24","slug":"opinie-polakow-o-wprowadzeniu-stanu-wojennego-13-grudnia-1981-roku","status":"publish","type":"post","link":"https:\/\/public.kantarpolska.com\/archiwumraportow\/2012\/11\/25\/opinie-polakow-o-wprowadzeniu-stanu-wojennego-13-grudnia-1981-roku\/","title":{"rendered":"Opinie Polak\u00f3w o wprowadzeniu stanu wojennego 13 grudnia 1981 roku"},"content":{"rendered":"<p>13 grudnia 1981 roku w\u0142adze komunistyczne wprowadzi\u0142y w Polsce stan wojenny. Mimo up\u0142ywu lat zdarzenie to wci\u0105\u017c budzi g\u0142\u0119bokie kontrowersje w polskim spo\u0142ecze\u0144stwie, wywo\u0142uje dyskusje i spory.<!--more--> Pod koniec 2012 roku, a wi\u0119c w przeddzie\u0144 31 rocznicy wydarze\u0144 grudniowych Zesp\u00f3\u0142 Bada\u0144 Spo\u0142ecznych OBOP w TNS Polska zbada\u0142 opinie Polak\u00f3w na temat stanu wojennego.<\/p>\n<div class=\"infopay\">Raport udost\u0119pniany jest bezp\u0142atnie, w us\u0142udze &#8222;udost\u0119pnij aby pobra\u0107&#8221;.<br \/>\n<b>Na czym to polega?<\/b> Raport b\u0119dzie dost\u0119pny do pobrania w pdf po udost\u0119pnieniu wpisu z linkiem do Archiwum Raport\u00f3w TNS Polska na wybranym serwisie spo\u0142eczno\u015bciowym: Facebooku lub Twitterze.<\/div>\n","protected":false},"excerpt":{"rendered":"<p>13 grudnia 1981 roku w\u0142adze komunistyczne wprowadzi\u0142y w Polsce stan wojenny. Mimo up\u0142ywu lat zdarzenie to wci\u0105\u017c budzi g\u0142\u0119bokie kontrowersje w polskim spo\u0142ecze\u0144stwie, wywo\u0142uje dyskusje i spory.<\/p>\n","protected":false},"author":11,"featured_media":0,"comment_status":"closed","ping_status":"closed","sticky":false,"template":"","format":"standard","meta":{"ngg_post_thumbnail":0},"categories":[1],"tags":[61,93],"_links":{"self":[{"href":"https:\/\/public.kantarpolska.com\/archiwumraportow\/wp-json\/wp\/v2\/posts\/5663"}],"collection":[{"href":"https:\/\/public.kantarpolska.com\/archiwumraportow\/wp-json\/wp\/v2\/posts"}],"about":[{"href":"https:\/\/public.kantarpolska.com\/archiwumraportow\/wp-json\/wp\/v2\/types\/post"}],"author":[{"embeddable":true,"href":"https:\/\/public.kantarpolska.com\/archiwumraportow\/wp-json\/wp\/v2\/users\/11"}],"replies":[{"embeddable":true,"href":"https:\/\/public.kantarpolska.com\/archiwumraportow\/wp-json\/wp\/v2\/comments?post=5663"}],"version-history":[{"count":1,"href":"https:\/\/public.kantarpolska.com\/archiwumraportow\/wp-json\/wp\/v2\/posts\/5663\/revisions"}],"predecessor-version":[{"id":5665,"href":"https:\/\/public.kantarpolska.com\/archiwumraportow\/wp-json\/wp\/v2\/posts\/5663\/revisions\/5665"}],"wp:attachment":[{"href":"https:\/\/public.kantarpolska.com\/archiwumraportow\/wp-json\/wp\/v2\/media?parent=5663"}],"wp:term":[{"taxonomy":"category","embeddable":true,"href":"https:\/\/public.kantarpolska.com\/archiwumraportow\/wp-json\/wp\/v2\/categories?post=5663"},{"taxonomy":"post_tag","embeddable":true,"href":"https:\/\/public.kantarpolska.com\/archiwumraportow\/wp-json\/wp\/v2\/tags?post=5663"}],"curies":[{"name":"wp","href":"https:\/\/api.w.org\/{rel}","templated":true}]}}