
{"id":5647,"date":"2012-11-13T15:01:14","date_gmt":"2012-11-13T15:01:14","guid":{"rendered":"https:\/\/www.tnsglobal.pl\/archiwumraportow\/?p=5647"},"modified":"2014-03-28T15:03:46","modified_gmt":"2014-03-28T15:03:46","slug":"ocena-dzialalnosci-rzadu-premiera-i-prezydenta-w-listopadzie-2012-r","status":"publish","type":"post","link":"https:\/\/public.kantarpolska.com\/archiwumraportow\/2012\/11\/13\/ocena-dzialalnosci-rzadu-premiera-i-prezydenta-w-listopadzie-2012-r\/","title":{"rendered":"Ocena dzia\u0142alno\u015bci rz\u0105du, premiera i prezydenta w listopadzie 2012 r."},"content":{"rendered":"<p>W listopadzie 2012 roku Zesp\u00f3\u0142 Bada\u0144 Spo\u0142ecznych OBOP w TNS Polska przeprowadzi\u0142 cykliczne badanie na temat oceny pracy rz\u0105du, premiera Donalda Tuska oraz prezydenta Bronis\u0142awa Komorowskiego.<!--more--> Raport przedstawia bie\u017c\u0105ce wyniki, kt\u00f3re por\u00f3wnuje z danymi z poprzednich miesi\u0119cy<\/p>\n<div class=\"infopay\">Raport udost\u0119pniany jest bezp\u0142atnie, w us\u0142udze &#8222;udost\u0119pnij aby pobra\u0107&#8221;.<br \/>\n<b>Na czym to polega?<\/b> Raport b\u0119dzie dost\u0119pny do pobrania w pdf po udost\u0119pnieniu wpisu z linkiem do Archiwum Raport\u00f3w TNS Polska na wybranym serwisie spo\u0142eczno\u015bciowym: Facebooku lub Twitterze.<\/div>\n","protected":false},"excerpt":{"rendered":"<p>W listopadzie 2012 roku Zesp\u00f3\u0142 Bada\u0144 Spo\u0142ecznych OBOP w TNS Polska przeprowadzi\u0142 cykliczne badanie na temat oceny pracy rz\u0105du, premiera Donalda Tuska oraz prezydenta Bronis\u0142awa Komorowskiego.<\/p>\n","protected":false},"author":11,"featured_media":0,"comment_status":"closed","ping_status":"closed","sticky":false,"template":"","format":"standard","meta":{"ngg_post_thumbnail":0},"categories":[1],"tags":[11,12,10],"_links":{"self":[{"href":"https:\/\/public.kantarpolska.com\/archiwumraportow\/wp-json\/wp\/v2\/posts\/5647"}],"collection":[{"href":"https:\/\/public.kantarpolska.com\/archiwumraportow\/wp-json\/wp\/v2\/posts"}],"about":[{"href":"https:\/\/public.kantarpolska.com\/archiwumraportow\/wp-json\/wp\/v2\/types\/post"}],"author":[{"embeddable":true,"href":"https:\/\/public.kantarpolska.com\/archiwumraportow\/wp-json\/wp\/v2\/users\/11"}],"replies":[{"embeddable":true,"href":"https:\/\/public.kantarpolska.com\/archiwumraportow\/wp-json\/wp\/v2\/comments?post=5647"}],"version-history":[{"count":1,"href":"https:\/\/public.kantarpolska.com\/archiwumraportow\/wp-json\/wp\/v2\/posts\/5647\/revisions"}],"predecessor-version":[{"id":5649,"href":"https:\/\/public.kantarpolska.com\/archiwumraportow\/wp-json\/wp\/v2\/posts\/5647\/revisions\/5649"}],"wp:attachment":[{"href":"https:\/\/public.kantarpolska.com\/archiwumraportow\/wp-json\/wp\/v2\/media?parent=5647"}],"wp:term":[{"taxonomy":"category","embeddable":true,"href":"https:\/\/public.kantarpolska.com\/archiwumraportow\/wp-json\/wp\/v2\/categories?post=5647"},{"taxonomy":"post_tag","embeddable":true,"href":"https:\/\/public.kantarpolska.com\/archiwumraportow\/wp-json\/wp\/v2\/tags?post=5647"}],"curies":[{"name":"wp","href":"https:\/\/api.w.org\/{rel}","templated":true}]}}