
{"id":5635,"date":"2012-10-07T14:04:27","date_gmt":"2012-10-07T14:04:27","guid":{"rendered":"https:\/\/www.tnsglobal.pl\/archiwumraportow\/?p=5635"},"modified":"2014-03-28T14:08:48","modified_gmt":"2014-03-28T14:08:48","slug":"polityczna-sila-polskich-internautow","status":"publish","type":"post","link":"https:\/\/public.kantarpolska.com\/archiwumraportow\/2012\/10\/07\/polityczna-sila-polskich-internautow\/","title":{"rendered":"Polityczna si\u0142a polskich internaut\u00f3w"},"content":{"rendered":"<p>Czy rzeczywi\u015bcie mo\u017cna m\u00f3wi\u0107 o politycznej sile internetu? Czy internauci faktycznie stanowi\u0105 osobny segment wyborc\u00f3w mog\u0105cych zmieni\u0107 scen\u0119 polityczn\u0105 w Polsce? Gdzie w polskim internecie mo\u017cna znale\u017a\u0107 miejsca<!--more-->, kt\u00f3re najbardziej wp\u0142ywaj\u0105 na \u015bwiatopogl\u0105d polityczny polskich internaut\u00f3w? Zesp\u00f3\u0142 Bada\u0144 Spo\u0142ecznych OBOP w TNS Polska i Interactive Research Center sprawdzi\u0142y, w jaki spos\u00f3b korzystanie z internetu jest zwi\u0105zane z postawami wzgl\u0119dem polityki.<\/p>\n<div class=\"infopay\">Raport udost\u0119pniany jest bezp\u0142atnie, w us\u0142udze &#8222;udost\u0119pnij aby pobra\u0107&#8221;.<br \/>\n<b>Na czym to polega?<\/b> Raport b\u0119dzie dost\u0119pny do pobrania w pdf po udost\u0119pnieniu wpisu z linkiem do Archiwum Raport\u00f3w TNS Polska na wybranym serwisie spo\u0142eczno\u015bciowym: Facebooku lub Twitterze.<\/div>\n","protected":false},"excerpt":{"rendered":"<p>Czy rzeczywi\u015bcie mo\u017cna m\u00f3wi\u0107 o politycznej sile internetu? Czy internauci faktycznie stanowi\u0105 osobny segment wyborc\u00f3w mog\u0105cych zmieni\u0107 scen\u0119 polityczn\u0105 w Polsce? Gdzie w polskim internecie mo\u017cna znale\u017a\u0107 miejsca<\/p>\n","protected":false},"author":11,"featured_media":0,"comment_status":"closed","ping_status":"closed","sticky":false,"template":"","format":"standard","meta":{"ngg_post_thumbnail":0},"categories":[1],"tags":[120,17],"_links":{"self":[{"href":"https:\/\/public.kantarpolska.com\/archiwumraportow\/wp-json\/wp\/v2\/posts\/5635"}],"collection":[{"href":"https:\/\/public.kantarpolska.com\/archiwumraportow\/wp-json\/wp\/v2\/posts"}],"about":[{"href":"https:\/\/public.kantarpolska.com\/archiwumraportow\/wp-json\/wp\/v2\/types\/post"}],"author":[{"embeddable":true,"href":"https:\/\/public.kantarpolska.com\/archiwumraportow\/wp-json\/wp\/v2\/users\/11"}],"replies":[{"embeddable":true,"href":"https:\/\/public.kantarpolska.com\/archiwumraportow\/wp-json\/wp\/v2\/comments?post=5635"}],"version-history":[{"count":1,"href":"https:\/\/public.kantarpolska.com\/archiwumraportow\/wp-json\/wp\/v2\/posts\/5635\/revisions"}],"predecessor-version":[{"id":5637,"href":"https:\/\/public.kantarpolska.com\/archiwumraportow\/wp-json\/wp\/v2\/posts\/5635\/revisions\/5637"}],"wp:attachment":[{"href":"https:\/\/public.kantarpolska.com\/archiwumraportow\/wp-json\/wp\/v2\/media?parent=5635"}],"wp:term":[{"taxonomy":"category","embeddable":true,"href":"https:\/\/public.kantarpolska.com\/archiwumraportow\/wp-json\/wp\/v2\/categories?post=5635"},{"taxonomy":"post_tag","embeddable":true,"href":"https:\/\/public.kantarpolska.com\/archiwumraportow\/wp-json\/wp\/v2\/tags?post=5635"}],"curies":[{"name":"wp","href":"https:\/\/api.w.org\/{rel}","templated":true}]}}