
{"id":5549,"date":"2012-06-17T09:42:23","date_gmt":"2012-06-17T09:42:23","guid":{"rendered":"https:\/\/www.tnsglobal.pl\/archiwumraportow\/?p=5549"},"modified":"2014-03-28T10:10:58","modified_gmt":"2014-03-28T10:10:58","slug":"ocena-dzialalnosci-rzadu-premiera-i-prezydenta-w-czerwcu-2012-r","status":"publish","type":"post","link":"https:\/\/public.kantarpolska.com\/archiwumraportow\/2012\/06\/17\/ocena-dzialalnosci-rzadu-premiera-i-prezydenta-w-czerwcu-2012-r\/","title":{"rendered":"Ocena dzia\u0142alno\u015bci rz\u0105du, premiera i prezydenta w czerwcu 2012 r."},"content":{"rendered":"<p>W czerwcu 2012 roku Zesp\u00f3\u0142 Bada\u0144 Spo\u0142ecznych OBOP TNS Polska przeprowadzi\u0142<br \/>\ncykliczne badanie na temat pracy rz\u0105du, premiera Donalda Tuska oraz prezydenta<br \/>\nBronis\u0142awa Komorowskiego.<!--more--> Raport przedstawia bie\u017c\u0105ce wyniki, kt\u00f3re por\u00f3wnuje z danymi z poprzednich miesi\u0119cy.<\/p>\n<div class=\"infopay\">Raport udost\u0119pniany jest bezp\u0142atnie, w us\u0142udze &#8222;udost\u0119pnij aby pobra\u0107&#8221;.<br \/>\n<b>Na czym to polega?<\/b> Raport b\u0119dzie dost\u0119pny do pobrania w pdf po udost\u0119pnieniu wpisu z linkiem do Archiwum Raport\u00f3w TNS Polska na wybranym serwisie spo\u0142eczno\u015bciowym: Facebooku lub Twitterze.<\/div>\n","protected":false},"excerpt":{"rendered":"<p>W czerwcu 2012 roku Zesp\u00f3\u0142 Bada\u0144 Spo\u0142ecznych OBOP TNS Polska przeprowadzi\u0142 cykliczne badanie na temat pracy rz\u0105du, premiera Donalda Tuska oraz prezydenta Bronis\u0142awa Komorowskiego.<\/p>\n","protected":false},"author":11,"featured_media":0,"comment_status":"closed","ping_status":"closed","sticky":false,"template":"","format":"standard","meta":{"ngg_post_thumbnail":0},"categories":[1],"tags":[11,12,10],"_links":{"self":[{"href":"https:\/\/public.kantarpolska.com\/archiwumraportow\/wp-json\/wp\/v2\/posts\/5549"}],"collection":[{"href":"https:\/\/public.kantarpolska.com\/archiwumraportow\/wp-json\/wp\/v2\/posts"}],"about":[{"href":"https:\/\/public.kantarpolska.com\/archiwumraportow\/wp-json\/wp\/v2\/types\/post"}],"author":[{"embeddable":true,"href":"https:\/\/public.kantarpolska.com\/archiwumraportow\/wp-json\/wp\/v2\/users\/11"}],"replies":[{"embeddable":true,"href":"https:\/\/public.kantarpolska.com\/archiwumraportow\/wp-json\/wp\/v2\/comments?post=5549"}],"version-history":[{"count":1,"href":"https:\/\/public.kantarpolska.com\/archiwumraportow\/wp-json\/wp\/v2\/posts\/5549\/revisions"}],"predecessor-version":[{"id":5551,"href":"https:\/\/public.kantarpolska.com\/archiwumraportow\/wp-json\/wp\/v2\/posts\/5549\/revisions\/5551"}],"wp:attachment":[{"href":"https:\/\/public.kantarpolska.com\/archiwumraportow\/wp-json\/wp\/v2\/media?parent=5549"}],"wp:term":[{"taxonomy":"category","embeddable":true,"href":"https:\/\/public.kantarpolska.com\/archiwumraportow\/wp-json\/wp\/v2\/categories?post=5549"},{"taxonomy":"post_tag","embeddable":true,"href":"https:\/\/public.kantarpolska.com\/archiwumraportow\/wp-json\/wp\/v2\/tags?post=5549"}],"curies":[{"name":"wp","href":"https:\/\/api.w.org\/{rel}","templated":true}]}}