
{"id":5527,"date":"2012-05-12T09:01:42","date_gmt":"2012-05-12T09:01:42","guid":{"rendered":"https:\/\/www.tnsglobal.pl\/archiwumraportow\/?p=5527"},"modified":"2014-03-28T09:05:51","modified_gmt":"2014-03-28T09:05:51","slug":"marsze-i-manifestacje-kwietniowe","status":"publish","type":"post","link":"https:\/\/public.kantarpolska.com\/archiwumraportow\/2012\/05\/12\/marsze-i-manifestacje-kwietniowe\/","title":{"rendered":"Marsze i manifestacje kwietniowe"},"content":{"rendered":"<p>W sonda\u017cu przeprowadzonym 10-13.05.2012, w kilka tygodni po kwietniowych marszach<br \/>\ni manifestacjach zwi\u0105zanych z katastrof\u0105 smole\u0144sk\u0105 i telewizj\u0105 Trwam, TNS Polska zbada\u0142, co o nich s\u0105dzi masowa opinia publiczna.<!--more--><\/p>\n<div class=\"infopay\">Raport udost\u0119pniany jest bezp\u0142atnie, w us\u0142udze &#8222;udost\u0119pnij aby pobra\u0107&#8221;.<br \/>\n<b>Na czym to polega?<\/b> Raport b\u0119dzie dost\u0119pny do pobrania w pdf po udost\u0119pnieniu wpisu z linkiem do Archiwum Raport\u00f3w TNS Polska na wybranym serwisie spo\u0142eczno\u015bciowym: Facebooku lub Twitterze.<\/div>\n","protected":false},"excerpt":{"rendered":"<p>W sonda\u017cu przeprowadzonym 10-13.05.2012, w kilka tygodni po kwietniowych marszach i manifestacjach zwi\u0105zanych z katastrof\u0105 smole\u0144sk\u0105 i telewizj\u0105 Trwam, TNS Polska zbada\u0142, co o nich s\u0105dzi masowa opinia publiczna.<\/p>\n","protected":false},"author":11,"featured_media":0,"comment_status":"closed","ping_status":"closed","sticky":false,"template":"","format":"standard","meta":{"ngg_post_thumbnail":0},"categories":[1],"tags":[115],"_links":{"self":[{"href":"https:\/\/public.kantarpolska.com\/archiwumraportow\/wp-json\/wp\/v2\/posts\/5527"}],"collection":[{"href":"https:\/\/public.kantarpolska.com\/archiwumraportow\/wp-json\/wp\/v2\/posts"}],"about":[{"href":"https:\/\/public.kantarpolska.com\/archiwumraportow\/wp-json\/wp\/v2\/types\/post"}],"author":[{"embeddable":true,"href":"https:\/\/public.kantarpolska.com\/archiwumraportow\/wp-json\/wp\/v2\/users\/11"}],"replies":[{"embeddable":true,"href":"https:\/\/public.kantarpolska.com\/archiwumraportow\/wp-json\/wp\/v2\/comments?post=5527"}],"version-history":[{"count":1,"href":"https:\/\/public.kantarpolska.com\/archiwumraportow\/wp-json\/wp\/v2\/posts\/5527\/revisions"}],"predecessor-version":[{"id":5529,"href":"https:\/\/public.kantarpolska.com\/archiwumraportow\/wp-json\/wp\/v2\/posts\/5527\/revisions\/5529"}],"wp:attachment":[{"href":"https:\/\/public.kantarpolska.com\/archiwumraportow\/wp-json\/wp\/v2\/media?parent=5527"}],"wp:term":[{"taxonomy":"category","embeddable":true,"href":"https:\/\/public.kantarpolska.com\/archiwumraportow\/wp-json\/wp\/v2\/categories?post=5527"},{"taxonomy":"post_tag","embeddable":true,"href":"https:\/\/public.kantarpolska.com\/archiwumraportow\/wp-json\/wp\/v2\/tags?post=5527"}],"curies":[{"name":"wp","href":"https:\/\/api.w.org\/{rel}","templated":true}]}}