
{"id":5503,"date":"2012-04-01T15:51:18","date_gmt":"2012-04-01T15:51:18","guid":{"rendered":"https:\/\/www.tnsglobal.pl\/archiwumraportow\/?p=5503"},"modified":"2014-03-27T16:01:33","modified_gmt":"2014-03-27T16:01:33","slug":"kobiety-i-mezczyzni-o-sytuacji-w-polsce","status":"publish","type":"post","link":"https:\/\/public.kantarpolska.com\/archiwumraportow\/2012\/04\/01\/kobiety-i-mezczyzni-o-sytuacji-w-polsce\/","title":{"rendered":"Kobiety i m\u0119\u017cczy\u017ani o sytuacji w Polsce"},"content":{"rendered":"<p>Wi\u0119kszo\u015b\u0107 raport\u00f3w zawieraj\u0105cych wyniki opinii publicznej koncentruje si\u0119 niemal wy\u0142\u0105cznie na og\u00f3lnych deklaracjach wyra\u017canych w imieniu ca\u0142ego spo\u0142ecze\u0144stwa przez wybranych losowo doros\u0142ych Polak\u00f3w. Szczeg\u00f3\u0142owe opinie kobiet i m\u0119\u017cczyzn w tych <!--more-->sprawach pojawiaj\u0105 si\u0119 jakby przy okazji analizowania cz\u0119stotliwo\u015bci omawianego zjawiska czy sytuacji w wybranych grupach spo\u0142eczno \u2013 zawodowych. W wielu przypadkach r\u00f3\u017cnice s\u0105 bardzo wyra\u017ane, w innych \u2013 inaczej ni\u017c mo\u017cna by si\u0119 spodziewa\u0107 \u2013 przedstawiciele obu grup s\u0105 zgodni. Warto przyjrze\u0107 si\u0119 wi\u0119c z bliska, co s\u0105dz\u0105 i jakie postawy cz\u0119\u015bciej wyr\u00f3\u017cniaj\u0105 kobiety, a jakie m\u0119\u017cczyzn.<\/p>\n<p>Raport zosta\u0142 opracowany w oparciu o wyniki dotychczasowych bada\u0144.<\/p>\n<div class=\"infopay\">Raport udost\u0119pniany jest bezp\u0142atnie, w us\u0142udze &#8222;udost\u0119pnij aby pobra\u0107&#8221;.<br \/>\n<b>Na czym to polega?<\/b> Raport b\u0119dzie dost\u0119pny do pobrania w pdf po udost\u0119pnieniu wpisu z linkiem do Archiwum Raport\u00f3w TNS Polska na wybranym serwisie spo\u0142eczno\u015bciowym: Facebooku lub Twitterze.<\/div>\n","protected":false},"excerpt":{"rendered":"<p>Wi\u0119kszo\u015b\u0107 raport\u00f3w zawieraj\u0105cych wyniki opinii publicznej koncentruje si\u0119 niemal wy\u0142\u0105cznie na og\u00f3lnych deklaracjach wyra\u017canych w imieniu ca\u0142ego spo\u0142ecze\u0144stwa przez wybranych losowo doros\u0142ych Polak\u00f3w. Szczeg\u00f3\u0142owe opinie kobiet i m\u0119\u017cczyzn w tych<\/p>\n","protected":false},"author":10,"featured_media":0,"comment_status":"closed","ping_status":"closed","sticky":false,"template":"","format":"standard","meta":{"ngg_post_thumbnail":0},"categories":[1],"tags":[37,38,44],"_links":{"self":[{"href":"https:\/\/public.kantarpolska.com\/archiwumraportow\/wp-json\/wp\/v2\/posts\/5503"}],"collection":[{"href":"https:\/\/public.kantarpolska.com\/archiwumraportow\/wp-json\/wp\/v2\/posts"}],"about":[{"href":"https:\/\/public.kantarpolska.com\/archiwumraportow\/wp-json\/wp\/v2\/types\/post"}],"author":[{"embeddable":true,"href":"https:\/\/public.kantarpolska.com\/archiwumraportow\/wp-json\/wp\/v2\/users\/10"}],"replies":[{"embeddable":true,"href":"https:\/\/public.kantarpolska.com\/archiwumraportow\/wp-json\/wp\/v2\/comments?post=5503"}],"version-history":[{"count":1,"href":"https:\/\/public.kantarpolska.com\/archiwumraportow\/wp-json\/wp\/v2\/posts\/5503\/revisions"}],"predecessor-version":[{"id":5506,"href":"https:\/\/public.kantarpolska.com\/archiwumraportow\/wp-json\/wp\/v2\/posts\/5503\/revisions\/5506"}],"wp:attachment":[{"href":"https:\/\/public.kantarpolska.com\/archiwumraportow\/wp-json\/wp\/v2\/media?parent=5503"}],"wp:term":[{"taxonomy":"category","embeddable":true,"href":"https:\/\/public.kantarpolska.com\/archiwumraportow\/wp-json\/wp\/v2\/categories?post=5503"},{"taxonomy":"post_tag","embeddable":true,"href":"https:\/\/public.kantarpolska.com\/archiwumraportow\/wp-json\/wp\/v2\/tags?post=5503"}],"curies":[{"name":"wp","href":"https:\/\/api.w.org\/{rel}","templated":true}]}}