
{"id":5482,"date":"2012-03-09T15:19:29","date_gmt":"2012-03-09T15:19:29","guid":{"rendered":"https:\/\/www.tnsglobal.pl\/archiwumraportow\/?p=5482"},"modified":"2014-03-27T15:47:20","modified_gmt":"2014-03-27T15:47:20","slug":"mlodzi-o-emeryturach","status":"publish","type":"post","link":"https:\/\/public.kantarpolska.com\/archiwumraportow\/2012\/03\/09\/mlodzi-o-emeryturach\/","title":{"rendered":"M\u0142odzi o emeryturach"},"content":{"rendered":"<p>W zwi\u0105zku z propozycj\u0105 zmian w systemie emerytalnym, TNS Polska postanowi\u0142a zapyta\u0107 m\u0142odych Polak\u00f3w o ich opinie na temat emerytur i tego, jak widz\u0105 swoj\u0105 przysz\u0142o\u015b\u0107 na emeryturze. Badanie zosta\u0142o przeprowadzone w dniach 7-9.03.2012 r. przy u\u017cyciu bada\u0144 <!--more-->online CONNECT tworzonych wsp\u00f3lnie przez TNS Polska oraz Nasz\u0105 Klas\u0119. Badanie zrealizowano na pr\u00f3bie 1122 os\u00f3b w wieku 20-35 lat.<\/p>\n<div class=\"infopay\">Raport udost\u0119pniany jest bezp\u0142atnie, w us\u0142udze &#8222;udost\u0119pnij aby pobra\u0107&#8221;.<br \/>\n<b>Na czym to polega?<\/b> Raport b\u0119dzie dost\u0119pny do pobrania w pdf po udost\u0119pnieniu wpisu z linkiem do Archiwum Raport\u00f3w TNS Polska na wybranym serwisie spo\u0142eczno\u015bciowym: Facebooku lub Twitterze.<\/div>\n","protected":false},"excerpt":{"rendered":"<p>W zwi\u0105zku z propozycj\u0105 zmian w systemie emerytalnym, TNS Polska postanowi\u0142a zapyta\u0107 m\u0142odych Polak\u00f3w o ich opinie na temat emerytur i tego, jak widz\u0105 swoj\u0105 przysz\u0142o\u015b\u0107 na emeryturze. Badanie zosta\u0142o przeprowadzone w dniach 7-9.03.2012 r. przy u\u017cyciu bada\u0144<\/p>\n","protected":false},"author":10,"featured_media":0,"comment_status":"closed","ping_status":"closed","sticky":false,"template":"","format":"standard","meta":{"ngg_post_thumbnail":0},"categories":[1],"tags":[114,113,111],"_links":{"self":[{"href":"https:\/\/public.kantarpolska.com\/archiwumraportow\/wp-json\/wp\/v2\/posts\/5482"}],"collection":[{"href":"https:\/\/public.kantarpolska.com\/archiwumraportow\/wp-json\/wp\/v2\/posts"}],"about":[{"href":"https:\/\/public.kantarpolska.com\/archiwumraportow\/wp-json\/wp\/v2\/types\/post"}],"author":[{"embeddable":true,"href":"https:\/\/public.kantarpolska.com\/archiwumraportow\/wp-json\/wp\/v2\/users\/10"}],"replies":[{"embeddable":true,"href":"https:\/\/public.kantarpolska.com\/archiwumraportow\/wp-json\/wp\/v2\/comments?post=5482"}],"version-history":[{"count":1,"href":"https:\/\/public.kantarpolska.com\/archiwumraportow\/wp-json\/wp\/v2\/posts\/5482\/revisions"}],"predecessor-version":[{"id":5484,"href":"https:\/\/public.kantarpolska.com\/archiwumraportow\/wp-json\/wp\/v2\/posts\/5482\/revisions\/5484"}],"wp:attachment":[{"href":"https:\/\/public.kantarpolska.com\/archiwumraportow\/wp-json\/wp\/v2\/media?parent=5482"}],"wp:term":[{"taxonomy":"category","embeddable":true,"href":"https:\/\/public.kantarpolska.com\/archiwumraportow\/wp-json\/wp\/v2\/categories?post=5482"},{"taxonomy":"post_tag","embeddable":true,"href":"https:\/\/public.kantarpolska.com\/archiwumraportow\/wp-json\/wp\/v2\/tags?post=5482"}],"curies":[{"name":"wp","href":"https:\/\/api.w.org\/{rel}","templated":true}]}}