
{"id":5466,"date":"2012-03-04T14:57:26","date_gmt":"2012-03-04T14:57:26","guid":{"rendered":"https:\/\/www.tnsglobal.pl\/archiwumraportow\/?p=5466"},"modified":"2014-03-27T15:47:04","modified_gmt":"2014-03-27T15:47:04","slug":"nieznana-reforma-emerytalna","status":"publish","type":"post","link":"https:\/\/public.kantarpolska.com\/archiwumraportow\/2012\/03\/04\/nieznana-reforma-emerytalna\/","title":{"rendered":"Nieznana reforma emerytalna"},"content":{"rendered":"<p>Rz\u0105d zapowiedzia\u0142 powa\u017cn\u0105 reform\u0119 emerytaln\u0105. Jej podstawowym za\u0142o\u017ceniem jest wyd\u0142u\u017cenie okresu pracy i przesuni\u0119cie wieku emerytalnego do 67 lat, zar\u00f3wno dla m\u0119\u017cczyzn, jak i dla kobiet. R\u00f3\u017cne sonda\u017ce pokaza\u0142y, \u017ce pomys\u0142 ten spotka\u0142 si\u0119 z oporem. W <!--more-->sonda\u017cu przeprowadzonym w dniach 1-4 marca, TNS OBOP zbada\u0142 rzecz bardziej podstawow\u0105 ni\u017c poparcie dla reformy \u2013 jej zrozumienie.<\/p>\n<div class=\"infopay\">Raport udost\u0119pniany jest bezp\u0142atnie, w us\u0142udze &#8222;udost\u0119pnij aby pobra\u0107&#8221;.<br \/>\n<b>Na czym to polega?<\/b> Raport b\u0119dzie dost\u0119pny do pobrania w pdf po udost\u0119pnieniu wpisu z linkiem do Archiwum Raport\u00f3w TNS Polska na wybranym serwisie spo\u0142eczno\u015bciowym: Facebooku lub Twitterze.<\/div>\n","protected":false},"excerpt":{"rendered":"<p>Rz\u0105d zapowiedzia\u0142 powa\u017cn\u0105 reform\u0119 emerytaln\u0105. Jej podstawowym za\u0142o\u017ceniem jest wyd\u0142u\u017cenie okresu pracy i przesuni\u0119cie wieku emerytalnego do 67 lat, zar\u00f3wno dla m\u0119\u017cczyzn, jak i dla kobiet. R\u00f3\u017cne sonda\u017ce pokaza\u0142y, \u017ce pomys\u0142 ten spotka\u0142 si\u0119 z oporem. W<\/p>\n","protected":false},"author":10,"featured_media":0,"comment_status":"closed","ping_status":"closed","sticky":false,"template":"","format":"standard","meta":{"ngg_post_thumbnail":0},"categories":[1],"tags":[114,111],"_links":{"self":[{"href":"https:\/\/public.kantarpolska.com\/archiwumraportow\/wp-json\/wp\/v2\/posts\/5466"}],"collection":[{"href":"https:\/\/public.kantarpolska.com\/archiwumraportow\/wp-json\/wp\/v2\/posts"}],"about":[{"href":"https:\/\/public.kantarpolska.com\/archiwumraportow\/wp-json\/wp\/v2\/types\/post"}],"author":[{"embeddable":true,"href":"https:\/\/public.kantarpolska.com\/archiwumraportow\/wp-json\/wp\/v2\/users\/10"}],"replies":[{"embeddable":true,"href":"https:\/\/public.kantarpolska.com\/archiwumraportow\/wp-json\/wp\/v2\/comments?post=5466"}],"version-history":[{"count":1,"href":"https:\/\/public.kantarpolska.com\/archiwumraportow\/wp-json\/wp\/v2\/posts\/5466\/revisions"}],"predecessor-version":[{"id":5468,"href":"https:\/\/public.kantarpolska.com\/archiwumraportow\/wp-json\/wp\/v2\/posts\/5466\/revisions\/5468"}],"wp:attachment":[{"href":"https:\/\/public.kantarpolska.com\/archiwumraportow\/wp-json\/wp\/v2\/media?parent=5466"}],"wp:term":[{"taxonomy":"category","embeddable":true,"href":"https:\/\/public.kantarpolska.com\/archiwumraportow\/wp-json\/wp\/v2\/categories?post=5466"},{"taxonomy":"post_tag","embeddable":true,"href":"https:\/\/public.kantarpolska.com\/archiwumraportow\/wp-json\/wp\/v2\/tags?post=5466"}],"curies":[{"name":"wp","href":"https:\/\/api.w.org\/{rel}","templated":true}]}}