
{"id":5442,"date":"2012-02-05T13:22:48","date_gmt":"2012-02-05T13:22:48","guid":{"rendered":"https:\/\/www.tnsglobal.pl\/archiwumraportow\/?p=5442"},"modified":"2014-03-27T13:31:06","modified_gmt":"2014-03-27T13:31:06","slug":"przyjecie-wspolnej-waluty-euro-w-opinii-polakow-w-lutym-2012","status":"publish","type":"post","link":"https:\/\/public.kantarpolska.com\/archiwumraportow\/2012\/02\/05\/przyjecie-wspolnej-waluty-euro-w-opinii-polakow-w-lutym-2012\/","title":{"rendered":"Przyj\u0119cie wsp\u00f3lnej waluty euro w opinii Polak\u00f3w w lutym 2012"},"content":{"rendered":"<p>W pierwszej po\u0142owie lutego 2011 r. TNS OBOP w cyklicznym sonda\u017cu zapyta\u0142<br \/>\nPolak\u00f3w o opinie na temat wej\u015bcia naszego kraju do strefy euro. Pytania dotyczy\u0142y<br \/>\nog\u00f3lnej oceny wprowadzenia euro oraz przewidywanych konsekwencji zmiany waluty dla<!--more--><br \/>\ngospodarstw domowych, polskiej gospodarki i to\u017csamo\u015bci narodowej, a tak\u017ce<br \/>\npreferowanej daty przyj\u0119cia wsp\u00f3lnej waluty europejskiej.<\/p>\n<div class=\"infopay\">Raport udost\u0119pniany jest bezp\u0142atnie, w us\u0142udze &#8222;udost\u0119pnij aby pobra\u0107&#8221;.<br \/>\n<b>Na czym to polega?<\/b> Raport b\u0119dzie dost\u0119pny do pobrania w pdf po udost\u0119pnieniu wpisu z linkiem do Archiwum Raport\u00f3w TNS Polska na wybranym serwisie spo\u0142eczno\u015bciowym: Facebooku lub Twitterze.<\/div>\n","protected":false},"excerpt":{"rendered":"<p>W pierwszej po\u0142owie lutego 2011 r. TNS OBOP w cyklicznym sonda\u017cu zapyta\u0142 Polak\u00f3w o opinie na temat wej\u015bcia naszego kraju do strefy euro. Pytania dotyczy\u0142y og\u00f3lnej oceny wprowadzenia euro oraz przewidywanych konsekwencji zmiany waluty dla<\/p>\n","protected":false},"author":10,"featured_media":0,"comment_status":"closed","ping_status":"closed","sticky":false,"template":"","format":"standard","meta":{"ngg_post_thumbnail":0},"categories":[1],"tags":[55,57],"_links":{"self":[{"href":"https:\/\/public.kantarpolska.com\/archiwumraportow\/wp-json\/wp\/v2\/posts\/5442"}],"collection":[{"href":"https:\/\/public.kantarpolska.com\/archiwumraportow\/wp-json\/wp\/v2\/posts"}],"about":[{"href":"https:\/\/public.kantarpolska.com\/archiwumraportow\/wp-json\/wp\/v2\/types\/post"}],"author":[{"embeddable":true,"href":"https:\/\/public.kantarpolska.com\/archiwumraportow\/wp-json\/wp\/v2\/users\/10"}],"replies":[{"embeddable":true,"href":"https:\/\/public.kantarpolska.com\/archiwumraportow\/wp-json\/wp\/v2\/comments?post=5442"}],"version-history":[{"count":1,"href":"https:\/\/public.kantarpolska.com\/archiwumraportow\/wp-json\/wp\/v2\/posts\/5442\/revisions"}],"predecessor-version":[{"id":5444,"href":"https:\/\/public.kantarpolska.com\/archiwumraportow\/wp-json\/wp\/v2\/posts\/5442\/revisions\/5444"}],"wp:attachment":[{"href":"https:\/\/public.kantarpolska.com\/archiwumraportow\/wp-json\/wp\/v2\/media?parent=5442"}],"wp:term":[{"taxonomy":"category","embeddable":true,"href":"https:\/\/public.kantarpolska.com\/archiwumraportow\/wp-json\/wp\/v2\/categories?post=5442"},{"taxonomy":"post_tag","embeddable":true,"href":"https:\/\/public.kantarpolska.com\/archiwumraportow\/wp-json\/wp\/v2\/tags?post=5442"}],"curies":[{"name":"wp","href":"https:\/\/api.w.org\/{rel}","templated":true}]}}