
{"id":5422,"date":"2012-02-06T16:08:43","date_gmt":"2012-02-06T16:08:43","guid":{"rendered":"https:\/\/www.tnsglobal.pl\/archiwumraportow\/?p=5422"},"modified":"2014-03-26T16:14:56","modified_gmt":"2014-03-26T16:14:56","slug":"kontra-acta","status":"publish","type":"post","link":"https:\/\/public.kantarpolska.com\/archiwumraportow\/2012\/02\/06\/kontra-acta\/","title":{"rendered":"KONTRA-ACTA"},"content":{"rendered":"<p>W styczniu 2012 r. przez Polsk\u0119 przesz\u0142a fala protest\u00f3w, g\u0142\u00f3wnie m\u0142odych ludzi,<br \/>\nprzeciwko podpisaniu przez rz\u0105d ACTA, mi\u0119dzynarodowej umowy handlowej dotycz\u0105cej<br \/>\nzwalczania obrotu towarami podrabianymi. Protesty odbywa\u0142y si\u0119 na ulicach i w innych<br \/>\nmiejscach publicznych. Demonstranci protestowali przeciwko przewidzianym przez ACTA<!--more--><br \/>\nregulacjom w dost\u0119pie do Internetu \u2013 bez wnikania w detale: regulacje te zmniejszy\u0142yby<br \/>\ndotychczasow\u0105 swobod\u0119 w tym zakresie i zosta\u0142y potraktowane jako ograniczenie wolno\u015bci.<br \/>\nSkala protest\u00f3w zaskoczy\u0142a rz\u0105d i w ko\u0144cu przyzna\u0142 on, \u017ce podpisanie ACTA, w dodatku bez odpowiednich spo\u0142ecznych konsultacji, by\u0142o b\u0142\u0119dem. Sonda\u017c TNS OBOP, przeprowadzony w dn. 2-6 lutego pokazuje stan opinii publicznej po demonstracjach kontra ACTA.<\/p>\n<div class=\"infopay\">Raport udost\u0119pniany jest bezp\u0142atnie, w us\u0142udze &#8222;udost\u0119pnij aby pobra\u0107&#8221;.<br \/>\n<b>Na czym to polega?<\/b> Raport b\u0119dzie dost\u0119pny do pobrania w pdf po udost\u0119pnieniu wpisu z linkiem do Archiwum Raport\u00f3w TNS Polska na wybranym serwisie spo\u0142eczno\u015bciowym: Facebooku lub Twitterze.<\/div>\n","protected":false},"excerpt":{"rendered":"<p>W styczniu 2012 r. przez Polsk\u0119 przesz\u0142a fala protest\u00f3w, g\u0142\u00f3wnie m\u0142odych ludzi, przeciwko podpisaniu przez rz\u0105d ACTA, mi\u0119dzynarodowej umowy handlowej dotycz\u0105cej zwalczania obrotu towarami podrabianymi. Protesty odbywa\u0142y si\u0119 na ulicach i w innych miejscach publicznych. Demonstranci protestowali przeciwko przewidzianym przez ACTA<\/p>\n","protected":false},"author":10,"featured_media":0,"comment_status":"closed","ping_status":"closed","sticky":false,"template":"","format":"standard","meta":{"ngg_post_thumbnail":0},"categories":[1],"tags":[52],"_links":{"self":[{"href":"https:\/\/public.kantarpolska.com\/archiwumraportow\/wp-json\/wp\/v2\/posts\/5422"}],"collection":[{"href":"https:\/\/public.kantarpolska.com\/archiwumraportow\/wp-json\/wp\/v2\/posts"}],"about":[{"href":"https:\/\/public.kantarpolska.com\/archiwumraportow\/wp-json\/wp\/v2\/types\/post"}],"author":[{"embeddable":true,"href":"https:\/\/public.kantarpolska.com\/archiwumraportow\/wp-json\/wp\/v2\/users\/10"}],"replies":[{"embeddable":true,"href":"https:\/\/public.kantarpolska.com\/archiwumraportow\/wp-json\/wp\/v2\/comments?post=5422"}],"version-history":[{"count":1,"href":"https:\/\/public.kantarpolska.com\/archiwumraportow\/wp-json\/wp\/v2\/posts\/5422\/revisions"}],"predecessor-version":[{"id":5424,"href":"https:\/\/public.kantarpolska.com\/archiwumraportow\/wp-json\/wp\/v2\/posts\/5422\/revisions\/5424"}],"wp:attachment":[{"href":"https:\/\/public.kantarpolska.com\/archiwumraportow\/wp-json\/wp\/v2\/media?parent=5422"}],"wp:term":[{"taxonomy":"category","embeddable":true,"href":"https:\/\/public.kantarpolska.com\/archiwumraportow\/wp-json\/wp\/v2\/categories?post=5422"},{"taxonomy":"post_tag","embeddable":true,"href":"https:\/\/public.kantarpolska.com\/archiwumraportow\/wp-json\/wp\/v2\/tags?post=5422"}],"curies":[{"name":"wp","href":"https:\/\/api.w.org\/{rel}","templated":true}]}}