
{"id":5413,"date":"2012-02-05T16:00:13","date_gmt":"2012-02-05T16:00:13","guid":{"rendered":"https:\/\/www.tnsglobal.pl\/archiwumraportow\/?p=5413"},"modified":"2014-03-26T16:04:49","modified_gmt":"2014-03-26T16:04:49","slug":"ocena-dzialalnosci-rzadu-premiera-i-prezydenta-w-lutym-2012-r","status":"publish","type":"post","link":"https:\/\/public.kantarpolska.com\/archiwumraportow\/2012\/02\/05\/ocena-dzialalnosci-rzadu-premiera-i-prezydenta-w-lutym-2012-r\/","title":{"rendered":"Ocena dzia\u0142alno\u015bci rz\u0105du, premiera i prezydenta w lutym 2012 r."},"content":{"rendered":"<p>Na pocz\u0105tku lutego 2012 roku TNS OBOP zrealizowa\u0142 cykliczne badanie dotycz\u0105ce<br \/>\noceny pracy rz\u0105du, premiera Donalda Tuska oraz prezydenta Bronis\u0142awa Komorowskiego.<br \/>\nW raporcie prezentowane s\u0105 aktualne wyniki, a tak\u017ce por\u00f3wnanie danych bie\u017c\u0105cych<!--more--><br \/>\nz poprzednimi.<\/p>\n<div class=\"infopay\">Raport udost\u0119pniany jest bezp\u0142atnie, w us\u0142udze &#8222;udost\u0119pnij aby pobra\u0107&#8221;.<br \/>\n<b>Na czym to polega?<\/b> Raport b\u0119dzie dost\u0119pny do pobrania w pdf po udost\u0119pnieniu wpisu z linkiem do Archiwum Raport\u00f3w TNS Polska na wybranym serwisie spo\u0142eczno\u015bciowym: Facebooku lub Twitterze.<\/div>\n","protected":false},"excerpt":{"rendered":"<p>Na pocz\u0105tku lutego 2012 roku TNS OBOP zrealizowa\u0142 cykliczne badanie dotycz\u0105ce oceny pracy rz\u0105du, premiera Donalda Tuska oraz prezydenta Bronis\u0142awa Komorowskiego. W raporcie prezentowane s\u0105 aktualne wyniki, a tak\u017ce por\u00f3wnanie danych bie\u017c\u0105cych<\/p>\n","protected":false},"author":10,"featured_media":0,"comment_status":"closed","ping_status":"closed","sticky":false,"template":"","format":"standard","meta":{"ngg_post_thumbnail":0},"categories":[1],"tags":[11,12,10],"_links":{"self":[{"href":"https:\/\/public.kantarpolska.com\/archiwumraportow\/wp-json\/wp\/v2\/posts\/5413"}],"collection":[{"href":"https:\/\/public.kantarpolska.com\/archiwumraportow\/wp-json\/wp\/v2\/posts"}],"about":[{"href":"https:\/\/public.kantarpolska.com\/archiwumraportow\/wp-json\/wp\/v2\/types\/post"}],"author":[{"embeddable":true,"href":"https:\/\/public.kantarpolska.com\/archiwumraportow\/wp-json\/wp\/v2\/users\/10"}],"replies":[{"embeddable":true,"href":"https:\/\/public.kantarpolska.com\/archiwumraportow\/wp-json\/wp\/v2\/comments?post=5413"}],"version-history":[{"count":2,"href":"https:\/\/public.kantarpolska.com\/archiwumraportow\/wp-json\/wp\/v2\/posts\/5413\/revisions"}],"predecessor-version":[{"id":5419,"href":"https:\/\/public.kantarpolska.com\/archiwumraportow\/wp-json\/wp\/v2\/posts\/5413\/revisions\/5419"}],"wp:attachment":[{"href":"https:\/\/public.kantarpolska.com\/archiwumraportow\/wp-json\/wp\/v2\/media?parent=5413"}],"wp:term":[{"taxonomy":"category","embeddable":true,"href":"https:\/\/public.kantarpolska.com\/archiwumraportow\/wp-json\/wp\/v2\/categories?post=5413"},{"taxonomy":"post_tag","embeddable":true,"href":"https:\/\/public.kantarpolska.com\/archiwumraportow\/wp-json\/wp\/v2\/tags?post=5413"}],"curies":[{"name":"wp","href":"https:\/\/api.w.org\/{rel}","templated":true}]}}