
{"id":5379,"date":"2012-12-10T15:30:51","date_gmt":"2012-12-10T15:30:51","guid":{"rendered":"https:\/\/www.tnsglobal.pl\/archiwumraportow\/?p=5379"},"modified":"2014-03-26T15:44:27","modified_gmt":"2014-03-26T15:44:27","slug":"zmiany-w-psl","status":"publish","type":"post","link":"https:\/\/public.kantarpolska.com\/archiwumraportow\/2012\/12\/10\/zmiany-w-psl\/","title":{"rendered":"Zmiany w PSL"},"content":{"rendered":"<p>17 listopada 2012 r. Kongres Polskiego Stronnictwa Ludowego wybra\u0142 nowym prezesem PSL Janusza Piechoci\u0144skiego. W wyborach pokona\u0142 on dotychczasowego prezesa Waldemara Pawlaka. Zmian\u0119 t\u0119 uznano za pokoleniow\u0105, ale raczej w sensie pokolenia<!--more--> politycznego ni\u017c wiekowego oraz za zapowied\u017a istotnych zmian w polityce PSL. W sonda\u017cu Zespo\u0142u Bada\u0144 Spo\u0142ecznych OBOP w TNS Polska, zbadano opinie Polak\u00f3w o zmianach w PSL.<\/p>\n<div class=\"infopay\">Raport udost\u0119pniany jest bezp\u0142atnie, w us\u0142udze &#8222;udost\u0119pnij aby pobra\u0107&#8221;.<br \/>\n<b>Na czym to polega?<\/b> Raport b\u0119dzie dost\u0119pny do pobrania w pdf po udost\u0119pnieniu wpisu z linkiem do Archiwum Raport\u00f3w TNS Polska na wybranym serwisie spo\u0142eczno\u015bciowym: Facebooku lub Twitterze.<\/div>\n","protected":false},"excerpt":{"rendered":"<p>17 listopada 2012 r. Kongres Polskiego Stronnictwa Ludowego wybra\u0142 nowym prezesem PSL Janusza Piechoci\u0144skiego. W wyborach pokona\u0142 on dotychczasowego prezesa Waldemara Pawlaka. Zmian\u0119 t\u0119 uznano za pokoleniow\u0105, ale raczej w sensie pokolenia<\/p>\n","protected":false},"author":12,"featured_media":0,"comment_status":"closed","ping_status":"closed","sticky":false,"template":"","format":"standard","meta":{"ngg_post_thumbnail":0},"categories":[1],"tags":[26,106],"_links":{"self":[{"href":"https:\/\/public.kantarpolska.com\/archiwumraportow\/wp-json\/wp\/v2\/posts\/5379"}],"collection":[{"href":"https:\/\/public.kantarpolska.com\/archiwumraportow\/wp-json\/wp\/v2\/posts"}],"about":[{"href":"https:\/\/public.kantarpolska.com\/archiwumraportow\/wp-json\/wp\/v2\/types\/post"}],"author":[{"embeddable":true,"href":"https:\/\/public.kantarpolska.com\/archiwumraportow\/wp-json\/wp\/v2\/users\/12"}],"replies":[{"embeddable":true,"href":"https:\/\/public.kantarpolska.com\/archiwumraportow\/wp-json\/wp\/v2\/comments?post=5379"}],"version-history":[{"count":1,"href":"https:\/\/public.kantarpolska.com\/archiwumraportow\/wp-json\/wp\/v2\/posts\/5379\/revisions"}],"predecessor-version":[{"id":5389,"href":"https:\/\/public.kantarpolska.com\/archiwumraportow\/wp-json\/wp\/v2\/posts\/5379\/revisions\/5389"}],"wp:attachment":[{"href":"https:\/\/public.kantarpolska.com\/archiwumraportow\/wp-json\/wp\/v2\/media?parent=5379"}],"wp:term":[{"taxonomy":"category","embeddable":true,"href":"https:\/\/public.kantarpolska.com\/archiwumraportow\/wp-json\/wp\/v2\/categories?post=5379"},{"taxonomy":"post_tag","embeddable":true,"href":"https:\/\/public.kantarpolska.com\/archiwumraportow\/wp-json\/wp\/v2\/tags?post=5379"}],"curies":[{"name":"wp","href":"https:\/\/api.w.org\/{rel}","templated":true}]}}