
{"id":5277,"date":"2013-07-02T12:24:06","date_gmt":"2013-07-02T12:24:06","guid":{"rendered":"https:\/\/www.tnsglobal.pl\/archiwumraportow\/?p=5277"},"modified":"2014-03-26T12:28:43","modified_gmt":"2014-03-26T12:28:43","slug":"wybory-w-najblizsza-niedziele-i-za-dwa-lata-lipiec-2013","status":"publish","type":"post","link":"https:\/\/public.kantarpolska.com\/archiwumraportow\/2013\/07\/02\/wybory-w-najblizsza-niedziele-i-za-dwa-lata-lipiec-2013\/","title":{"rendered":"Wybory &#8211; &#8222;w najbli\u017csz\u0105 niedziel\u0119&#8221; i za dwa lata. Lipiec 2013"},"content":{"rendered":"<p>\u201eGdyby wybory odby\u0142y si\u0119 w najbli\u017csz\u0105 niedziel\u0119, to na kt\u00f3r\u0105 parti\u0119, odda\u0142by\/aby Pan(i) sw\u00f3j g\u0142os?\u201d jest jednym ze standardowych pyta\u0144 o aktualne preferencje partyjne. W czerwcu 2013 roku TNS Polska postanowi\u0142 sprawdzi\u0107 czy Polacy znaj\u0105 dat\u0119 najblizszych wybor\u00f3w<!--more--> oraz czy bior\u0105 pod uwag\u0119 udzia\u0142 w tych wyborach.<\/p>\n<div class=\"infopay\">Raport udost\u0119pniany jest bezp\u0142atnie, w us\u0142udze &#8222;udost\u0119pnij aby pobra\u0107&#8221;.<br \/>\n<b>Na czym to polega?<\/b> Raport b\u0119dzie dost\u0119pny do pobrania w pdf po udost\u0119pnieniu wpisu z linkiem do Archiwum Raport\u00f3w TNS Polska na wybranym serwisie spo\u0142eczno\u015bciowym: Facebooku lub Twitterze.<\/div>\n","protected":false},"excerpt":{"rendered":"<p>\u201eGdyby wybory odby\u0142y si\u0119 w najbli\u017csz\u0105 niedziel\u0119, to na kt\u00f3r\u0105 parti\u0119, odda\u0142by\/aby Pan(i) sw\u00f3j g\u0142os?\u201d jest jednym ze standardowych pyta\u0144 o aktualne preferencje partyjne. W czerwcu 2013 roku TNS Polska postanowi\u0142 sprawdzi\u0107 czy Polacy znaj\u0105 dat\u0119 najblizszych wybor\u00f3w<\/p>\n","protected":false},"author":11,"featured_media":0,"comment_status":"closed","ping_status":"closed","sticky":false,"template":"","format":"standard","meta":{"ngg_post_thumbnail":0},"categories":[1],"tags":[17],"_links":{"self":[{"href":"https:\/\/public.kantarpolska.com\/archiwumraportow\/wp-json\/wp\/v2\/posts\/5277"}],"collection":[{"href":"https:\/\/public.kantarpolska.com\/archiwumraportow\/wp-json\/wp\/v2\/posts"}],"about":[{"href":"https:\/\/public.kantarpolska.com\/archiwumraportow\/wp-json\/wp\/v2\/types\/post"}],"author":[{"embeddable":true,"href":"https:\/\/public.kantarpolska.com\/archiwumraportow\/wp-json\/wp\/v2\/users\/11"}],"replies":[{"embeddable":true,"href":"https:\/\/public.kantarpolska.com\/archiwumraportow\/wp-json\/wp\/v2\/comments?post=5277"}],"version-history":[{"count":2,"href":"https:\/\/public.kantarpolska.com\/archiwumraportow\/wp-json\/wp\/v2\/posts\/5277\/revisions"}],"predecessor-version":[{"id":5281,"href":"https:\/\/public.kantarpolska.com\/archiwumraportow\/wp-json\/wp\/v2\/posts\/5277\/revisions\/5281"}],"wp:attachment":[{"href":"https:\/\/public.kantarpolska.com\/archiwumraportow\/wp-json\/wp\/v2\/media?parent=5277"}],"wp:term":[{"taxonomy":"category","embeddable":true,"href":"https:\/\/public.kantarpolska.com\/archiwumraportow\/wp-json\/wp\/v2\/categories?post=5277"},{"taxonomy":"post_tag","embeddable":true,"href":"https:\/\/public.kantarpolska.com\/archiwumraportow\/wp-json\/wp\/v2\/tags?post=5277"}],"curies":[{"name":"wp","href":"https:\/\/api.w.org\/{rel}","templated":true}]}}