
{"id":5270,"date":"2013-07-02T11:39:55","date_gmt":"2013-07-02T11:39:55","guid":{"rendered":"https:\/\/www.tnsglobal.pl\/archiwumraportow\/?p=5270"},"modified":"2014-03-26T11:48:21","modified_gmt":"2014-03-26T11:48:21","slug":"sytuacja-materialna-polakow-dzisiaj-10-i-20-lat-temu-lipiec-2013","status":"publish","type":"post","link":"https:\/\/public.kantarpolska.com\/archiwumraportow\/2013\/07\/02\/sytuacja-materialna-polakow-dzisiaj-10-i-20-lat-temu-lipiec-2013\/","title":{"rendered":"Sytuacja materialna Polak\u00f3w dzisiaj, 10 i 20 lat temu. Lipiec 2013"},"content":{"rendered":"<p>W Polsce i w Europie od kilku lat m\u00f3wi si\u0119 o kryzysie gospodarczym. Jego efekty wida\u0107 zar\u00f3wno we wska\u017anikach makroekonomicznych, jak i w badaniach ludno\u015bci dotycz\u0105cych subiektywnej oceny uwarunkowa\u0144 ekonomicznych.<!--more--> O\u015brodek badawczy TNS Polska niemal od pocz\u0105tku nowego ustroju bada\u0142 to, jak Polacy oceniaj\u0105 swoj\u0105 sytuacj\u0119 materialn\u0105 i finansow\u0105. W sonda\u017cu z 2013 roku chcieli\u015bmy zobaczy\u0107 bie\u017c\u0105ce, tj. \u201ekryzysowe\u201d, postrzeganie tej sytuacji oraz por\u00f3wna\u0107 wyniki z pomiarami z lat poprzednich (1992 i 2003 roku). Czy jest lepiej czy gorzej ni\u017c by\u0142o 10 czy 20 lat temu? Raport prezentuje wnioski z przeprowadzonych analiz.<\/p>\n<div class=\"infopay\">Raport udost\u0119pniany jest bezp\u0142atnie, w us\u0142udze &#8222;udost\u0119pnij aby pobra\u0107&#8221;.<br \/>\n<b>Na czym to polega?<\/b> Raport b\u0119dzie dost\u0119pny do pobrania w pdf po udost\u0119pnieniu wpisu z linkiem do Archiwum Raport\u00f3w TNS Polska na wybranym serwisie spo\u0142eczno\u015bciowym: Facebooku lub Twitterze.<\/div>\n","protected":false},"excerpt":{"rendered":"<p>W Polsce i w Europie od kilku lat m\u00f3wi si\u0119 o kryzysie gospodarczym. Jego efekty wida\u0107 zar\u00f3wno we wska\u017anikach makroekonomicznych, jak i w badaniach ludno\u015bci dotycz\u0105cych subiektywnej oceny uwarunkowa\u0144 ekonomicznych.<\/p>\n","protected":false},"author":11,"featured_media":0,"comment_status":"closed","ping_status":"closed","sticky":false,"template":"","format":"standard","meta":{"ngg_post_thumbnail":0},"categories":[1],"tags":[29,90],"_links":{"self":[{"href":"https:\/\/public.kantarpolska.com\/archiwumraportow\/wp-json\/wp\/v2\/posts\/5270"}],"collection":[{"href":"https:\/\/public.kantarpolska.com\/archiwumraportow\/wp-json\/wp\/v2\/posts"}],"about":[{"href":"https:\/\/public.kantarpolska.com\/archiwumraportow\/wp-json\/wp\/v2\/types\/post"}],"author":[{"embeddable":true,"href":"https:\/\/public.kantarpolska.com\/archiwumraportow\/wp-json\/wp\/v2\/users\/11"}],"replies":[{"embeddable":true,"href":"https:\/\/public.kantarpolska.com\/archiwumraportow\/wp-json\/wp\/v2\/comments?post=5270"}],"version-history":[{"count":1,"href":"https:\/\/public.kantarpolska.com\/archiwumraportow\/wp-json\/wp\/v2\/posts\/5270\/revisions"}],"predecessor-version":[{"id":5273,"href":"https:\/\/public.kantarpolska.com\/archiwumraportow\/wp-json\/wp\/v2\/posts\/5270\/revisions\/5273"}],"wp:attachment":[{"href":"https:\/\/public.kantarpolska.com\/archiwumraportow\/wp-json\/wp\/v2\/media?parent=5270"}],"wp:term":[{"taxonomy":"category","embeddable":true,"href":"https:\/\/public.kantarpolska.com\/archiwumraportow\/wp-json\/wp\/v2\/categories?post=5270"},{"taxonomy":"post_tag","embeddable":true,"href":"https:\/\/public.kantarpolska.com\/archiwumraportow\/wp-json\/wp\/v2\/tags?post=5270"}],"curies":[{"name":"wp","href":"https:\/\/api.w.org\/{rel}","templated":true}]}}