
{"id":5246,"date":"2013-06-12T11:13:12","date_gmt":"2013-06-12T11:13:12","guid":{"rendered":"https:\/\/www.tnsglobal.pl\/archiwumraportow\/?p=5246"},"modified":"2014-03-26T11:16:55","modified_gmt":"2014-03-26T11:16:55","slug":"przyjecie-wspolnej-waluty-euro-w-opinii-polakow-w-czerwcu-2013-r","status":"publish","type":"post","link":"https:\/\/public.kantarpolska.com\/archiwumraportow\/2013\/06\/12\/przyjecie-wspolnej-waluty-euro-w-opinii-polakow-w-czerwcu-2013-r\/","title":{"rendered":"Przyj\u0119cie wsp\u00f3lnej waluty euro w opinii Polak\u00f3w w czerwcu 2013 r."},"content":{"rendered":"<p>W czerwcu 2013 roku Zesp\u00f3\u0142 Bada\u0144 Spo\u0142ecznych OBOP w TNS Polska przeprowadzi\u0142 cykliczny sonda\u017c, w kt\u00f3rym zapyta\u0142 Polak\u00f3w o opinie na temat wej\u015bcia naszego kraju do strefy euro.<!--more--> Pytania dotyczy\u0142y og\u00f3lnej oceny wprowadzenia euro oraz przewidywanych konsekwencji zmiany waluty dla gospodarstw domowych, polskiej gospodarki i to\u017csamo\u015bci narodowej, a tak\u017ce preferowanej daty przyj\u0119cia wsp\u00f3lnej waluty europejskiej.<\/p>\n<div class=\"infopay\">Raport udost\u0119pniany jest bezp\u0142atnie, w us\u0142udze &#8222;udost\u0119pnij aby pobra\u0107&#8221;.<br \/>\n<b>Na czym to polega?<\/b> Raport b\u0119dzie dost\u0119pny do pobrania w pdf po udost\u0119pnieniu wpisu z linkiem do Archiwum Raport\u00f3w TNS Polska na wybranym serwisie spo\u0142eczno\u015bciowym: Facebooku lub Twitterze.<\/div>\n","protected":false},"excerpt":{"rendered":"<p>W czerwcu 2013 roku Zesp\u00f3\u0142 Bada\u0144 Spo\u0142ecznych OBOP w TNS Polska przeprowadzi\u0142 cykliczny sonda\u017c, w kt\u00f3rym zapyta\u0142 Polak\u00f3w o opinie na temat wej\u015bcia naszego kraju do strefy euro.<\/p>\n","protected":false},"author":11,"featured_media":0,"comment_status":"closed","ping_status":"closed","sticky":false,"template":"","format":"standard","meta":{"ngg_post_thumbnail":0},"categories":[1],"tags":[55,57],"_links":{"self":[{"href":"https:\/\/public.kantarpolska.com\/archiwumraportow\/wp-json\/wp\/v2\/posts\/5246"}],"collection":[{"href":"https:\/\/public.kantarpolska.com\/archiwumraportow\/wp-json\/wp\/v2\/posts"}],"about":[{"href":"https:\/\/public.kantarpolska.com\/archiwumraportow\/wp-json\/wp\/v2\/types\/post"}],"author":[{"embeddable":true,"href":"https:\/\/public.kantarpolska.com\/archiwumraportow\/wp-json\/wp\/v2\/users\/11"}],"replies":[{"embeddable":true,"href":"https:\/\/public.kantarpolska.com\/archiwumraportow\/wp-json\/wp\/v2\/comments?post=5246"}],"version-history":[{"count":1,"href":"https:\/\/public.kantarpolska.com\/archiwumraportow\/wp-json\/wp\/v2\/posts\/5246\/revisions"}],"predecessor-version":[{"id":5248,"href":"https:\/\/public.kantarpolska.com\/archiwumraportow\/wp-json\/wp\/v2\/posts\/5246\/revisions\/5248"}],"wp:attachment":[{"href":"https:\/\/public.kantarpolska.com\/archiwumraportow\/wp-json\/wp\/v2\/media?parent=5246"}],"wp:term":[{"taxonomy":"category","embeddable":true,"href":"https:\/\/public.kantarpolska.com\/archiwumraportow\/wp-json\/wp\/v2\/categories?post=5246"},{"taxonomy":"post_tag","embeddable":true,"href":"https:\/\/public.kantarpolska.com\/archiwumraportow\/wp-json\/wp\/v2\/tags?post=5246"}],"curies":[{"name":"wp","href":"https:\/\/api.w.org\/{rel}","templated":true}]}}