
{"id":5230,"date":"2013-05-16T10:47:57","date_gmt":"2013-05-16T10:47:57","guid":{"rendered":"https:\/\/www.tnsglobal.pl\/archiwumraportow\/?p=5230"},"modified":"2014-03-26T12:03:21","modified_gmt":"2014-03-26T12:03:21","slug":"pieniadze-dla-matek-i-kwartalu-maj-2013","status":"publish","type":"post","link":"https:\/\/public.kantarpolska.com\/archiwumraportow\/2013\/05\/16\/pieniadze-dla-matek-i-kwartalu-maj-2013\/","title":{"rendered":"Pieni\u0105dze dla matek I kwarta\u0142u. Maj 2013"},"content":{"rendered":"<p>28 kwietnia 2013 r. premier Tusk og\u0142osi\u0142, \u017ce przekona\u0142y go argumenty (i protesty) tzw. matek I kwarta\u0142u i \u017ce znalaz\u0142y si\u0119 pieni\u0105dze<!--more--> (w rezerwie bud\u017cetowej na walk\u0119 z powodzi\u0105 i w oszcz\u0119dno\u015bciach z obs\u0142ugi d\u0142ugu zagranicznego) i \u017ce mo\u017cliwo\u015b\u0107 p\u0142atnego rocznego urlopu macierzy\u0144skiego b\u0119d\u0105 mia\u0142y tak\u017ce matki dzieci urodzonych w I kwartale 2013 r., a nie tylko urodzonych po 31.03.2013. TNS Polska zapyta\u0142 Polak\u00f3w co my\u015bl\u0105 o tej decyzji oraz czy wiedz\u0105 sk\u0105d rz\u0105d wzi\u0105\u0142 na to pieni\u0105dze.<\/p>\n<div class=\"infopay\">Raport udost\u0119pniany jest bezp\u0142atnie, w us\u0142udze &#8222;udost\u0119pnij aby pobra\u0107&#8221;.<br \/>\n<b>Na czym to polega?<\/b> Raport b\u0119dzie dost\u0119pny do pobrania w pdf po udost\u0119pnieniu wpisu z linkiem do Archiwum Raport\u00f3w TNS Polska na wybranym serwisie spo\u0142eczno\u015bciowym: Facebooku lub Twitterze.<\/div>\n","protected":false},"excerpt":{"rendered":"<p>28 kwietnia 2013 r. premier Tusk og\u0142osi\u0142, \u017ce przekona\u0142y go argumenty (i protesty) tzw. matek I kwarta\u0142u i \u017ce znalaz\u0142y si\u0119 pieni\u0105dze<\/p>\n","protected":false},"author":11,"featured_media":0,"comment_status":"closed","ping_status":"closed","sticky":false,"template":"","format":"standard","meta":{"ngg_post_thumbnail":0},"categories":[1],"tags":[81,10,82],"_links":{"self":[{"href":"https:\/\/public.kantarpolska.com\/archiwumraportow\/wp-json\/wp\/v2\/posts\/5230"}],"collection":[{"href":"https:\/\/public.kantarpolska.com\/archiwumraportow\/wp-json\/wp\/v2\/posts"}],"about":[{"href":"https:\/\/public.kantarpolska.com\/archiwumraportow\/wp-json\/wp\/v2\/types\/post"}],"author":[{"embeddable":true,"href":"https:\/\/public.kantarpolska.com\/archiwumraportow\/wp-json\/wp\/v2\/users\/11"}],"replies":[{"embeddable":true,"href":"https:\/\/public.kantarpolska.com\/archiwumraportow\/wp-json\/wp\/v2\/comments?post=5230"}],"version-history":[{"count":1,"href":"https:\/\/public.kantarpolska.com\/archiwumraportow\/wp-json\/wp\/v2\/posts\/5230\/revisions"}],"predecessor-version":[{"id":5232,"href":"https:\/\/public.kantarpolska.com\/archiwumraportow\/wp-json\/wp\/v2\/posts\/5230\/revisions\/5232"}],"wp:attachment":[{"href":"https:\/\/public.kantarpolska.com\/archiwumraportow\/wp-json\/wp\/v2\/media?parent=5230"}],"wp:term":[{"taxonomy":"category","embeddable":true,"href":"https:\/\/public.kantarpolska.com\/archiwumraportow\/wp-json\/wp\/v2\/categories?post=5230"},{"taxonomy":"post_tag","embeddable":true,"href":"https:\/\/public.kantarpolska.com\/archiwumraportow\/wp-json\/wp\/v2\/tags?post=5230"}],"curies":[{"name":"wp","href":"https:\/\/api.w.org\/{rel}","templated":true}]}}