
{"id":5221,"date":"2013-05-16T10:39:08","date_gmt":"2013-05-16T10:39:08","guid":{"rendered":"https:\/\/www.tnsglobal.pl\/archiwumraportow\/?p=5221"},"modified":"2014-03-26T12:20:16","modified_gmt":"2014-03-26T12:20:16","slug":"nastroje-spoleczne-polakow-w-maju-2013","status":"publish","type":"post","link":"https:\/\/public.kantarpolska.com\/archiwumraportow\/2013\/05\/16\/nastroje-spoleczne-polakow-w-maju-2013\/","title":{"rendered":"Nastroje spo\u0142eczne Polak\u00f3w w maju 2013"},"content":{"rendered":"<p>W maju TNS Polska przeprowadzi\u0142 badanie nastroj\u00f3w spo\u0142ecznych. Respondent\u00f3w zapytano o opinie na temat kierunku biegu spraw w naszym kraju, ocen\u0119 stanu polskiej gospodarki, a tak\u017ce zmiany w sytuacji materialnej ludno\u015bci<!--more-->, jakiej Polacy spodziewaj\u0105 si\u0119 w ci\u0105gu najbli\u017cszych trzech lat oraz ocen\u0119 mo\u017cliwo\u015bci znalezienia pracy w Polsce. Komunikat prezentuje wyniki uzyskane w maju i zestawia je z notowaniami z ostatnich miesi\u0119cy.<\/p>\n<div class=\"infopay\">Raport udost\u0119pniany jest bezp\u0142atnie, w us\u0142udze &#8222;udost\u0119pnij aby pobra\u0107&#8221;.<br \/>\n<b>Na czym to polega?<\/b> Raport b\u0119dzie dost\u0119pny do pobrania w pdf po udost\u0119pnieniu wpisu z linkiem do Archiwum Raport\u00f3w TNS Polska na wybranym serwisie spo\u0142eczno\u015bciowym: Facebooku lub Twitterze.<\/div>\n","protected":false},"excerpt":{"rendered":"<p>W maju TNS Polska przeprowadzi\u0142 badanie nastroj\u00f3w spo\u0142ecznych. Respondent\u00f3w zapytano o opinie na temat kierunku biegu spraw w naszym kraju, ocen\u0119 stanu polskiej gospodarki, a tak\u017ce zmiany w sytuacji materialnej ludno\u015bci<\/p>\n","protected":false},"author":11,"featured_media":0,"comment_status":"closed","ping_status":"closed","sticky":false,"template":"","format":"standard","meta":{"ngg_post_thumbnail":0},"categories":[1],"tags":[28,25,30,29],"_links":{"self":[{"href":"https:\/\/public.kantarpolska.com\/archiwumraportow\/wp-json\/wp\/v2\/posts\/5221"}],"collection":[{"href":"https:\/\/public.kantarpolska.com\/archiwumraportow\/wp-json\/wp\/v2\/posts"}],"about":[{"href":"https:\/\/public.kantarpolska.com\/archiwumraportow\/wp-json\/wp\/v2\/types\/post"}],"author":[{"embeddable":true,"href":"https:\/\/public.kantarpolska.com\/archiwumraportow\/wp-json\/wp\/v2\/users\/11"}],"replies":[{"embeddable":true,"href":"https:\/\/public.kantarpolska.com\/archiwumraportow\/wp-json\/wp\/v2\/comments?post=5221"}],"version-history":[{"count":1,"href":"https:\/\/public.kantarpolska.com\/archiwumraportow\/wp-json\/wp\/v2\/posts\/5221\/revisions"}],"predecessor-version":[{"id":5223,"href":"https:\/\/public.kantarpolska.com\/archiwumraportow\/wp-json\/wp\/v2\/posts\/5221\/revisions\/5223"}],"wp:attachment":[{"href":"https:\/\/public.kantarpolska.com\/archiwumraportow\/wp-json\/wp\/v2\/media?parent=5221"}],"wp:term":[{"taxonomy":"category","embeddable":true,"href":"https:\/\/public.kantarpolska.com\/archiwumraportow\/wp-json\/wp\/v2\/categories?post=5221"},{"taxonomy":"post_tag","embeddable":true,"href":"https:\/\/public.kantarpolska.com\/archiwumraportow\/wp-json\/wp\/v2\/tags?post=5221"}],"curies":[{"name":"wp","href":"https:\/\/api.w.org\/{rel}","templated":true}]}}