
{"id":5173,"date":"2013-04-09T09:48:45","date_gmt":"2013-04-09T09:48:45","guid":{"rendered":"https:\/\/www.tnsglobal.pl\/archiwumraportow\/?p=5173"},"modified":"2014-03-26T10:00:22","modified_gmt":"2014-03-26T10:00:22","slug":"wladza-po-premiera-i-prezydenta-kwiecien-2013","status":"publish","type":"post","link":"https:\/\/public.kantarpolska.com\/archiwumraportow\/2013\/04\/09\/wladza-po-premiera-i-prezydenta-kwiecien-2013\/","title":{"rendered":"W\u0142adza PO, premiera i prezydenta. Kwiecie\u0144 2013"},"content":{"rendered":"<p>W kwietniu TNS Polska zapyta\u0142 Polak\u00f3w, jak oceniaj\u0105 poziom w\u0142adzy rz\u0105du, premiera i prezydenta. Ma\u0142o kto w Polsce w\u0105tpi w to, \u017ce Platforma Obywatelska jako partia rz\u0105dz\u0105ca<!--more--> ma du\u017co w\u0142adzy w pa\u0144stwie, za\u015b Donald Tusk ma du\u017co w\u0142adzy zar\u00f3wno w pa\u0144stwie jako premier, jak i w Platformie, jako jej przewodnicz\u0105cy. Pytaniem jest, jak oceniane s\u0105 te fakty: w\u0142adza du\u017ca mo\u017ce bowiem by\u0107 oceniana jako za du\u017ca, jako w\u0142a\u015bciwa, a nawet jako za ma\u0142a.<\/p>\n<div class=\"infopay\">Raport udost\u0119pniany jest bezp\u0142atnie, w us\u0142udze &#8222;udost\u0119pnij aby pobra\u0107&#8221;.<br \/>\n<b>Na czym to polega?<\/b> Raport b\u0119dzie dost\u0119pny do pobrania w pdf po udost\u0119pnieniu wpisu z linkiem do Archiwum Raport\u00f3w TNS Polska na wybranym serwisie spo\u0142eczno\u015bciowym: Facebooku lub Twitterze.<\/div>\n","protected":false},"excerpt":{"rendered":"<p>W kwietniu TNS Polska zapyta\u0142 Polak\u00f3w, jak oceniaj\u0105 poziom w\u0142adzy rz\u0105du, premiera i prezydenta. Ma\u0142o kto w Polsce w\u0105tpi w to, \u017ce Platforma Obywatelska jako partia rz\u0105dz\u0105ca<\/p>\n","protected":false},"author":11,"featured_media":0,"comment_status":"closed","ping_status":"closed","sticky":false,"template":"","format":"standard","meta":{"ngg_post_thumbnail":0},"categories":[1],"tags":[61,11,12,10,70],"_links":{"self":[{"href":"https:\/\/public.kantarpolska.com\/archiwumraportow\/wp-json\/wp\/v2\/posts\/5173"}],"collection":[{"href":"https:\/\/public.kantarpolska.com\/archiwumraportow\/wp-json\/wp\/v2\/posts"}],"about":[{"href":"https:\/\/public.kantarpolska.com\/archiwumraportow\/wp-json\/wp\/v2\/types\/post"}],"author":[{"embeddable":true,"href":"https:\/\/public.kantarpolska.com\/archiwumraportow\/wp-json\/wp\/v2\/users\/11"}],"replies":[{"embeddable":true,"href":"https:\/\/public.kantarpolska.com\/archiwumraportow\/wp-json\/wp\/v2\/comments?post=5173"}],"version-history":[{"count":1,"href":"https:\/\/public.kantarpolska.com\/archiwumraportow\/wp-json\/wp\/v2\/posts\/5173\/revisions"}],"predecessor-version":[{"id":5181,"href":"https:\/\/public.kantarpolska.com\/archiwumraportow\/wp-json\/wp\/v2\/posts\/5173\/revisions\/5181"}],"wp:attachment":[{"href":"https:\/\/public.kantarpolska.com\/archiwumraportow\/wp-json\/wp\/v2\/media?parent=5173"}],"wp:term":[{"taxonomy":"category","embeddable":true,"href":"https:\/\/public.kantarpolska.com\/archiwumraportow\/wp-json\/wp\/v2\/categories?post=5173"},{"taxonomy":"post_tag","embeddable":true,"href":"https:\/\/public.kantarpolska.com\/archiwumraportow\/wp-json\/wp\/v2\/tags?post=5173"}],"curies":[{"name":"wp","href":"https:\/\/api.w.org\/{rel}","templated":true}]}}