
{"id":5170,"date":"2010-12-20T09:47:11","date_gmt":"2010-12-20T09:47:11","guid":{"rendered":"https:\/\/www.tnsglobal.pl\/archiwumraportow\/?p=5170"},"modified":"2014-03-26T10:01:31","modified_gmt":"2014-03-26T10:01:31","slug":"opinie-o-wprowadzeniu-stanu-wojennego-badanie-tns-pentor","status":"publish","type":"post","link":"https:\/\/public.kantarpolska.com\/archiwumraportow\/2010\/12\/20\/opinie-o-wprowadzeniu-stanu-wojennego-badanie-tns-pentor\/","title":{"rendered":"Opinie o wprowadzeniu stanu wojennego &#8211; badanie TNS Pentor"},"content":{"rendered":"<p>Transformacja polityczna w r\u00f3\u017cny spos\u00f3b mo\u017ce wp\u0142ywa\u0107 na mechanizmy pami\u0119ci zbiorowej. W Polsce po upadku komunizmu nie ukszta\u0142towa\u0142a si\u0119 powszechnie akceptowana interpretacja wydarze\u0144 z niedawnej przesz\u0142o\u015bci. <!--more-->Stan wojenny wprowadzony w Polsce 13 grudnia 1981 roku przez w\u0142adze komunistyczne jako reakcja na powstanie i aktywno\u015b\u0107 niezale\u017cnego zwi\u0105zku zawodowego Solidarno\u015b\u0107 mimo up\u0142ywu lat wci\u0105\u017c jest przedmiotem g\u0142\u0119bokich kontrowersji (Tabela 1)1 w polskim spo\u0142ecze\u0144stwie. Pod koniec 2010 roku ponad 40 procent Polak\u00f3w uwa\u017ca, \u017ce stan wojenny by\u0142 uzasadniony, jedna trzecia jest przeciwnego zdania, a ponad jedna czwarta nie ma wyrobionej opinii w tej sprawie. Badania realizowane systematycznie od 1995, ka\u017cdego roku w drugiej po\u0142owie listopada.<\/p>\n<div class=\"infopay\">Raport udost\u0119pniany jest bezp\u0142atnie, w us\u0142udze &#8222;udost\u0119pnij aby pobra\u0107&#8221;.<br \/>\n<b>Na czym to polega?<\/b> Raport b\u0119dzie dost\u0119pny do pobrania w pdf po udost\u0119pnieniu wpisu z linkiem do Archiwum Raport\u00f3w TNS Polska na wybranym serwisie spo\u0142eczno\u015bciowym: Facebooku lub Twitterze.<\/div>\n","protected":false},"excerpt":{"rendered":"<p>Transformacja polityczna w r\u00f3\u017cny spos\u00f3b mo\u017ce wp\u0142ywa\u0107 na mechanizmy pami\u0119ci zbiorowej. W Polsce po upadku komunizmu nie ukszta\u0142towa\u0142a si\u0119 powszechnie akceptowana interpretacja wydarze\u0144 z niedawnej przesz\u0142o\u015bci.<\/p>\n","protected":false},"author":8,"featured_media":0,"comment_status":"closed","ping_status":"closed","sticky":false,"template":"","format":"standard","meta":{"ngg_post_thumbnail":0},"categories":[1],"tags":[],"_links":{"self":[{"href":"https:\/\/public.kantarpolska.com\/archiwumraportow\/wp-json\/wp\/v2\/posts\/5170"}],"collection":[{"href":"https:\/\/public.kantarpolska.com\/archiwumraportow\/wp-json\/wp\/v2\/posts"}],"about":[{"href":"https:\/\/public.kantarpolska.com\/archiwumraportow\/wp-json\/wp\/v2\/types\/post"}],"author":[{"embeddable":true,"href":"https:\/\/public.kantarpolska.com\/archiwumraportow\/wp-json\/wp\/v2\/users\/8"}],"replies":[{"embeddable":true,"href":"https:\/\/public.kantarpolska.com\/archiwumraportow\/wp-json\/wp\/v2\/comments?post=5170"}],"version-history":[{"count":2,"href":"https:\/\/public.kantarpolska.com\/archiwumraportow\/wp-json\/wp\/v2\/posts\/5170\/revisions"}],"predecessor-version":[{"id":5184,"href":"https:\/\/public.kantarpolska.com\/archiwumraportow\/wp-json\/wp\/v2\/posts\/5170\/revisions\/5184"}],"wp:attachment":[{"href":"https:\/\/public.kantarpolska.com\/archiwumraportow\/wp-json\/wp\/v2\/media?parent=5170"}],"wp:term":[{"taxonomy":"category","embeddable":true,"href":"https:\/\/public.kantarpolska.com\/archiwumraportow\/wp-json\/wp\/v2\/categories?post=5170"},{"taxonomy":"post_tag","embeddable":true,"href":"https:\/\/public.kantarpolska.com\/archiwumraportow\/wp-json\/wp\/v2\/tags?post=5170"}],"curies":[{"name":"wp","href":"https:\/\/api.w.org\/{rel}","templated":true}]}}