
{"id":5128,"date":"2013-03-04T16:58:18","date_gmt":"2013-03-04T16:58:18","guid":{"rendered":"https:\/\/www.tnsglobal.pl\/archiwumraportow\/?p=5128"},"modified":"2014-03-25T17:00:37","modified_gmt":"2014-03-25T17:00:37","slug":"ocena-dzialalnosci-rzadu-premiera-i-prezydenta-w-marcu-2013","status":"publish","type":"post","link":"https:\/\/public.kantarpolska.com\/archiwumraportow\/2013\/03\/04\/ocena-dzialalnosci-rzadu-premiera-i-prezydenta-w-marcu-2013\/","title":{"rendered":"Ocena dzia\u0142alno\u015bci rz\u0105du, premiera i prezydenta w marcu 2013"},"content":{"rendered":"<p>Tak jak co miesi\u0105c, na pocz\u0105tku marca 2013 roku TNS Polska zapyta\u0142 Polak\u00f3w o to, jak oceniaj\u0105 prac\u0119 rz\u0105du, premiera Donalda Tuska oraz prezydenta Bronis\u0142awa Komorowskiego. <!--more-->W raporcie zaprezentowane s\u0105 najnowsze wyniki oraz ich por\u00f3wnanie z danymi z poprzednich miesi\u0119cy.<\/p>\n<div class=\"infopay\">Raport udost\u0119pniany jest bezp\u0142atnie, w us\u0142udze &#8222;udost\u0119pnij aby pobra\u0107&#8221;.<br \/>\n<b>Na czym to polega?<\/b> Raport b\u0119dzie dost\u0119pny do pobrania w pdf po udost\u0119pnieniu wpisu z linkiem do Archiwum Raport\u00f3w TNS Polska na wybranym serwisie spo\u0142eczno\u015bciowym: Facebooku lub Twitterze.<\/div>\n","protected":false},"excerpt":{"rendered":"<p>Tak jak co miesi\u0105c, na pocz\u0105tku marca 2013 roku TNS Polska zapyta\u0142 Polak\u00f3w o to, jak oceniaj\u0105 prac\u0119 rz\u0105du, premiera Donalda Tuska oraz prezydenta Bronis\u0142awa Komorowskiego.<\/p>\n","protected":false},"author":11,"featured_media":0,"comment_status":"closed","ping_status":"closed","sticky":false,"template":"","format":"standard","meta":{"ngg_post_thumbnail":0},"categories":[1],"tags":[11,12,10],"_links":{"self":[{"href":"https:\/\/public.kantarpolska.com\/archiwumraportow\/wp-json\/wp\/v2\/posts\/5128"}],"collection":[{"href":"https:\/\/public.kantarpolska.com\/archiwumraportow\/wp-json\/wp\/v2\/posts"}],"about":[{"href":"https:\/\/public.kantarpolska.com\/archiwumraportow\/wp-json\/wp\/v2\/types\/post"}],"author":[{"embeddable":true,"href":"https:\/\/public.kantarpolska.com\/archiwumraportow\/wp-json\/wp\/v2\/users\/11"}],"replies":[{"embeddable":true,"href":"https:\/\/public.kantarpolska.com\/archiwumraportow\/wp-json\/wp\/v2\/comments?post=5128"}],"version-history":[{"count":1,"href":"https:\/\/public.kantarpolska.com\/archiwumraportow\/wp-json\/wp\/v2\/posts\/5128\/revisions"}],"predecessor-version":[{"id":5130,"href":"https:\/\/public.kantarpolska.com\/archiwumraportow\/wp-json\/wp\/v2\/posts\/5128\/revisions\/5130"}],"wp:attachment":[{"href":"https:\/\/public.kantarpolska.com\/archiwumraportow\/wp-json\/wp\/v2\/media?parent=5128"}],"wp:term":[{"taxonomy":"category","embeddable":true,"href":"https:\/\/public.kantarpolska.com\/archiwumraportow\/wp-json\/wp\/v2\/categories?post=5128"},{"taxonomy":"post_tag","embeddable":true,"href":"https:\/\/public.kantarpolska.com\/archiwumraportow\/wp-json\/wp\/v2\/tags?post=5128"}],"curies":[{"name":"wp","href":"https:\/\/api.w.org\/{rel}","templated":true}]}}