
{"id":5094,"date":"2014-01-03T16:14:21","date_gmt":"2014-01-03T16:14:21","guid":{"rendered":"https:\/\/www.tnsglobal.pl\/archiwumraportow\/?p=5094"},"modified":"2014-03-25T16:29:40","modified_gmt":"2014-03-25T16:29:40","slug":"2014-polacy-o-nowym-roku-styczen-2014","status":"publish","type":"post","link":"https:\/\/public.kantarpolska.com\/archiwumraportow\/2014\/01\/03\/2014-polacy-o-nowym-roku-styczen-2014\/","title":{"rendered":"2014 \u2013 Polacy o nowym roku"},"content":{"rendered":"<p>W drugiej po\u0142owie grudnia 2013 roku TNS Polska zapyta\u0142 Polak\u00f3w o oczekiwania wobec 2014 roku. Raport odpowiada na pytanie, jakie s\u0105 przewidywania Polak\u00f3w wzgl\u0119dem 2014 roku \u2013 w por\u00f3wnaniu z minionym 2013 \u2013 oraz jakie zdarzenia s\u0105 wed\u0142ug respondent\u00f3w <!--more-->prawdopodobne, a kt\u00f3re niemo\u017cliwe do zaistnienia w ci\u0105gu najbli\u017cszych 12 miesi\u0119cy.<\/p>\n<div class=\"infopay\">Raport udost\u0119pniany jest bezp\u0142atnie, w us\u0142udze &#8222;udost\u0119pnij aby pobra\u0107&#8221;.<br \/>\n<b>Na czym to polega?<\/b> Raport b\u0119dzie dost\u0119pny do pobrania w pdf po udost\u0119pnieniu wpisu z linkiem do Archiwum Raport\u00f3w TNS Polska na wybranym serwisie spo\u0142eczno\u015bciowym: Facebooku lub Twitterze.<\/div>\n","protected":false},"excerpt":{"rendered":"<p>W drugiej po\u0142owie grudnia 2013 roku TNS Polska zapyta\u0142 Polak\u00f3w o oczekiwania wobec 2014 roku. Raport odpowiada na pytanie, jakie s\u0105 przewidywania Polak\u00f3w wzgl\u0119dem 2014 roku \u2013 w por\u00f3wnaniu z minionym 2013 \u2013 oraz jakie zdarzenia s\u0105 wed\u0142ug respondent\u00f3w<\/p>\n","protected":false},"author":10,"featured_media":0,"comment_status":"closed","ping_status":"closed","sticky":false,"template":"","format":"standard","meta":{"ngg_post_thumbnail":0},"categories":[1],"tags":[45],"_links":{"self":[{"href":"https:\/\/public.kantarpolska.com\/archiwumraportow\/wp-json\/wp\/v2\/posts\/5094"}],"collection":[{"href":"https:\/\/public.kantarpolska.com\/archiwumraportow\/wp-json\/wp\/v2\/posts"}],"about":[{"href":"https:\/\/public.kantarpolska.com\/archiwumraportow\/wp-json\/wp\/v2\/types\/post"}],"author":[{"embeddable":true,"href":"https:\/\/public.kantarpolska.com\/archiwumraportow\/wp-json\/wp\/v2\/users\/10"}],"replies":[{"embeddable":true,"href":"https:\/\/public.kantarpolska.com\/archiwumraportow\/wp-json\/wp\/v2\/comments?post=5094"}],"version-history":[{"count":2,"href":"https:\/\/public.kantarpolska.com\/archiwumraportow\/wp-json\/wp\/v2\/posts\/5094\/revisions"}],"predecessor-version":[{"id":5101,"href":"https:\/\/public.kantarpolska.com\/archiwumraportow\/wp-json\/wp\/v2\/posts\/5094\/revisions\/5101"}],"wp:attachment":[{"href":"https:\/\/public.kantarpolska.com\/archiwumraportow\/wp-json\/wp\/v2\/media?parent=5094"}],"wp:term":[{"taxonomy":"category","embeddable":true,"href":"https:\/\/public.kantarpolska.com\/archiwumraportow\/wp-json\/wp\/v2\/categories?post=5094"},{"taxonomy":"post_tag","embeddable":true,"href":"https:\/\/public.kantarpolska.com\/archiwumraportow\/wp-json\/wp\/v2\/tags?post=5094"}],"curies":[{"name":"wp","href":"https:\/\/api.w.org\/{rel}","templated":true}]}}