
{"id":5084,"date":"2013-02-26T16:06:54","date_gmt":"2013-02-26T16:06:54","guid":{"rendered":"https:\/\/www.tnsglobal.pl\/archiwumraportow\/?p=5084"},"modified":"2014-03-25T16:10:02","modified_gmt":"2014-03-25T16:10:02","slug":"preferencje-partyjne-polakow-w-ostatni-weekend-lutego-2013-r","status":"publish","type":"post","link":"https:\/\/public.kantarpolska.com\/archiwumraportow\/2013\/02\/26\/preferencje-partyjne-polakow-w-ostatni-weekend-lutego-2013-r\/","title":{"rendered":"Preferencje partyjne Polak\u00f3w w ostatni weekend lutego 2013 r."},"content":{"rendered":"<p>Jak co miesi\u0105c TNS Polska zapyta\u0142 Polak\u00f3w o gotowo\u015b\u0107 uczestnictwa w wyborach parlamentarnych oraz o preferencje partyjne. <!--more-->Niniejszy raport przedstawia najnowsze wyniki oraz ich por\u00f3wnanie z danymi z poprzednich miesi\u0119cy.<\/p>\n<div class=\"infopay\">Raport udost\u0119pniany jest bezp\u0142atnie, w us\u0142udze &#8222;udost\u0119pnij aby pobra\u0107&#8221;.<br \/>\n<b>Na czym to polega?<\/b> Raport b\u0119dzie dost\u0119pny do pobrania w pdf po udost\u0119pnieniu wpisu z linkiem do Archiwum Raport\u00f3w TNS Polska na wybranym serwisie spo\u0142eczno\u015bciowym: Facebooku lub Twitterze.<\/div>\n","protected":false},"excerpt":{"rendered":"<p>Jak co miesi\u0105c TNS Polska zapyta\u0142 Polak\u00f3w o gotowo\u015b\u0107 uczestnictwa w wyborach parlamentarnych oraz o preferencje partyjne.<\/p>\n","protected":false},"author":11,"featured_media":0,"comment_status":"closed","ping_status":"closed","sticky":false,"template":"","format":"standard","meta":{"ngg_post_thumbnail":0},"categories":[1],"tags":[27,26,13,17],"_links":{"self":[{"href":"https:\/\/public.kantarpolska.com\/archiwumraportow\/wp-json\/wp\/v2\/posts\/5084"}],"collection":[{"href":"https:\/\/public.kantarpolska.com\/archiwumraportow\/wp-json\/wp\/v2\/posts"}],"about":[{"href":"https:\/\/public.kantarpolska.com\/archiwumraportow\/wp-json\/wp\/v2\/types\/post"}],"author":[{"embeddable":true,"href":"https:\/\/public.kantarpolska.com\/archiwumraportow\/wp-json\/wp\/v2\/users\/11"}],"replies":[{"embeddable":true,"href":"https:\/\/public.kantarpolska.com\/archiwumraportow\/wp-json\/wp\/v2\/comments?post=5084"}],"version-history":[{"count":1,"href":"https:\/\/public.kantarpolska.com\/archiwumraportow\/wp-json\/wp\/v2\/posts\/5084\/revisions"}],"predecessor-version":[{"id":5088,"href":"https:\/\/public.kantarpolska.com\/archiwumraportow\/wp-json\/wp\/v2\/posts\/5084\/revisions\/5088"}],"wp:attachment":[{"href":"https:\/\/public.kantarpolska.com\/archiwumraportow\/wp-json\/wp\/v2\/media?parent=5084"}],"wp:term":[{"taxonomy":"category","embeddable":true,"href":"https:\/\/public.kantarpolska.com\/archiwumraportow\/wp-json\/wp\/v2\/categories?post=5084"},{"taxonomy":"post_tag","embeddable":true,"href":"https:\/\/public.kantarpolska.com\/archiwumraportow\/wp-json\/wp\/v2\/tags?post=5084"}],"curies":[{"name":"wp","href":"https:\/\/api.w.org\/{rel}","templated":true}]}}