
{"id":5008,"date":"2014-02-19T14:59:57","date_gmt":"2014-02-19T14:59:57","guid":{"rendered":"https:\/\/www.tnsglobal.pl\/archiwumraportow\/?p=5008"},"modified":"2014-03-26T12:18:31","modified_gmt":"2014-03-26T12:18:31","slug":"nastroje-spoleczne-polakow-luty-2014","status":"publish","type":"post","link":"https:\/\/public.kantarpolska.com\/archiwumraportow\/2014\/02\/19\/nastroje-spoleczne-polakow-luty-2014\/","title":{"rendered":"Nastroje spo\u0142eczne Polak\u00f3w. Luty 2014"},"content":{"rendered":"<p>Tak jak w ka\u017cdym miesi\u0105cu, r\u00f3wnie\u017c w lutym TNS Polska przeprowadzi\u0142 badanie nastroj\u00f3w spo\u0142ecznych. Respondenci zostali zapytani o opinie na temat kierunku biegu spraw w naszym kraju, ocen\u0119 stanu polskiej gospodarki i ocen\u0119 prognozy zmian w sytuacji <!--more-->materialnej ludno\u015bci w ci\u0105gu najbli\u017cszych trzech lat a tak\u017ce ocen\u0119 mo\u017cliwo\u015bci znalezienia pracy w Polsce. Komunikat prezentuje wyniki uzyskane w lutym i zestawia je z notowaniami z ostatnich miesi\u0119cy.<\/p>\n","protected":false},"excerpt":{"rendered":"<p>Tak jak w ka\u017cdym miesi\u0105cu, r\u00f3wnie\u017c w lutym TNS Polska przeprowadzi\u0142 badanie nastroj\u00f3w spo\u0142ecznych. Respondenci zostali zapytani o opinie na temat kierunku biegu spraw w naszym kraju, ocen\u0119 stanu polskiej gospodarki i ocen\u0119 prognozy zmian w sytuacji<\/p>\n","protected":false},"author":10,"featured_media":0,"comment_status":"closed","ping_status":"closed","sticky":false,"template":"","format":"standard","meta":{"ngg_post_thumbnail":0},"categories":[1],"tags":[28,25,30,29],"_links":{"self":[{"href":"https:\/\/public.kantarpolska.com\/archiwumraportow\/wp-json\/wp\/v2\/posts\/5008"}],"collection":[{"href":"https:\/\/public.kantarpolska.com\/archiwumraportow\/wp-json\/wp\/v2\/posts"}],"about":[{"href":"https:\/\/public.kantarpolska.com\/archiwumraportow\/wp-json\/wp\/v2\/types\/post"}],"author":[{"embeddable":true,"href":"https:\/\/public.kantarpolska.com\/archiwumraportow\/wp-json\/wp\/v2\/users\/10"}],"replies":[{"embeddable":true,"href":"https:\/\/public.kantarpolska.com\/archiwumraportow\/wp-json\/wp\/v2\/comments?post=5008"}],"version-history":[{"count":2,"href":"https:\/\/public.kantarpolska.com\/archiwumraportow\/wp-json\/wp\/v2\/posts\/5008\/revisions"}],"predecessor-version":[{"id":5083,"href":"https:\/\/public.kantarpolska.com\/archiwumraportow\/wp-json\/wp\/v2\/posts\/5008\/revisions\/5083"}],"wp:attachment":[{"href":"https:\/\/public.kantarpolska.com\/archiwumraportow\/wp-json\/wp\/v2\/media?parent=5008"}],"wp:term":[{"taxonomy":"category","embeddable":true,"href":"https:\/\/public.kantarpolska.com\/archiwumraportow\/wp-json\/wp\/v2\/categories?post=5008"},{"taxonomy":"post_tag","embeddable":true,"href":"https:\/\/public.kantarpolska.com\/archiwumraportow\/wp-json\/wp\/v2\/tags?post=5008"}],"curies":[{"name":"wp","href":"https:\/\/api.w.org\/{rel}","templated":true}]}}