
{"id":4983,"date":"2013-01-14T14:19:07","date_gmt":"2013-01-14T14:19:07","guid":{"rendered":"https:\/\/www.tnsglobal.pl\/archiwumraportow\/?p=4983"},"modified":"2014-03-26T12:09:15","modified_gmt":"2014-03-26T12:09:15","slug":"150-lat-po-powstaniu-styczniowym","status":"publish","type":"post","link":"https:\/\/public.kantarpolska.com\/archiwumraportow\/2013\/01\/14\/150-lat-po-powstaniu-styczniowym\/","title":{"rendered":"150 lat po powstaniu styczniowym"},"content":{"rendered":"<p>Tu\u017c przed 150. rocznic\u0105 wybuchu powstania styczniowego TNS Polska zbada\u0142, co Polacy dzi\u015b wiedz\u0105 i s\u0105dz\u0105 o powstaniu z roku 1863.<!--more--><\/p>\n<div class=\"infopay\">Raport udost\u0119pniany jest bezp\u0142atnie, w us\u0142udze &#8222;udost\u0119pnij aby pobra\u0107&#8221;.<br \/>\n<b>Na czym to polega?<\/b> Raport b\u0119dzie dost\u0119pny do pobrania w pdf po udost\u0119pnieniu wpisu z linkiem do Archiwum Raport\u00f3w TNS Polska na wybranym serwisie spo\u0142eczno\u015bciowym: Facebooku lub Twitterze.<\/div>\n","protected":false},"excerpt":{"rendered":"<p>Tu\u017c przed 150. rocznic\u0105 wybuchu powstania styczniowego TNS Polska zbada\u0142, co Polacy dzi\u015b wiedz\u0105 i s\u0105dz\u0105 o powstaniu z roku 1863.<\/p>\n","protected":false},"author":11,"featured_media":0,"comment_status":"closed","ping_status":"closed","sticky":false,"template":"","format":"standard","meta":{"ngg_post_thumbnail":0},"categories":[1],"tags":[93],"_links":{"self":[{"href":"https:\/\/public.kantarpolska.com\/archiwumraportow\/wp-json\/wp\/v2\/posts\/4983"}],"collection":[{"href":"https:\/\/public.kantarpolska.com\/archiwumraportow\/wp-json\/wp\/v2\/posts"}],"about":[{"href":"https:\/\/public.kantarpolska.com\/archiwumraportow\/wp-json\/wp\/v2\/types\/post"}],"author":[{"embeddable":true,"href":"https:\/\/public.kantarpolska.com\/archiwumraportow\/wp-json\/wp\/v2\/users\/11"}],"replies":[{"embeddable":true,"href":"https:\/\/public.kantarpolska.com\/archiwumraportow\/wp-json\/wp\/v2\/comments?post=4983"}],"version-history":[{"count":3,"href":"https:\/\/public.kantarpolska.com\/archiwumraportow\/wp-json\/wp\/v2\/posts\/4983\/revisions"}],"predecessor-version":[{"id":5000,"href":"https:\/\/public.kantarpolska.com\/archiwumraportow\/wp-json\/wp\/v2\/posts\/4983\/revisions\/5000"}],"wp:attachment":[{"href":"https:\/\/public.kantarpolska.com\/archiwumraportow\/wp-json\/wp\/v2\/media?parent=4983"}],"wp:term":[{"taxonomy":"category","embeddable":true,"href":"https:\/\/public.kantarpolska.com\/archiwumraportow\/wp-json\/wp\/v2\/categories?post=4983"},{"taxonomy":"post_tag","embeddable":true,"href":"https:\/\/public.kantarpolska.com\/archiwumraportow\/wp-json\/wp\/v2\/tags?post=4983"}],"curies":[{"name":"wp","href":"https:\/\/api.w.org\/{rel}","templated":true}]}}