
{"id":4973,"date":"2014-03-18T11:56:18","date_gmt":"2014-03-18T11:56:18","guid":{"rendered":"https:\/\/www.tnsglobal.pl\/archiwumraportow\/?p=4973"},"modified":"2014-04-09T07:52:09","modified_gmt":"2014-04-09T07:52:09","slug":"preferencje-polakow-w-wyborach-do-parlamentu-europejskiego-marzec-2014","status":"publish","type":"post","link":"https:\/\/public.kantarpolska.com\/archiwumraportow\/2014\/03\/18\/preferencje-polakow-w-wyborach-do-parlamentu-europejskiego-marzec-2014\/","title":{"rendered":"Preferencje Polak\u00f3w w wyborach do Parlamentu Europejskiego. Marzec 2014"},"content":{"rendered":"<p>W zwi\u0105zku z tegorocznymi wyborami do Parlamentu Europejskiego TNS Polska zapyta\u0142 Polak\u00f3w o gotowo\u015b\u0107 uczestnictwa w tych wyborach oraz o preferencje partyjne.<!--more--><\/p>\n","protected":false},"excerpt":{"rendered":"<p>W zwi\u0105zku z tegorocznymi wyborami do Parlamentu Europejskiego TNS Polska zapyta\u0142 Polak\u00f3w o gotowo\u015b\u0107 uczestnictwa w tych wyborach oraz o preferencje partyjne.<\/p>\n","protected":false},"author":10,"featured_media":0,"comment_status":"closed","ping_status":"closed","sticky":false,"template":"","format":"standard","meta":{"ngg_post_thumbnail":0},"categories":[1],"tags":[15,13,17],"_links":{"self":[{"href":"https:\/\/public.kantarpolska.com\/archiwumraportow\/wp-json\/wp\/v2\/posts\/4973"}],"collection":[{"href":"https:\/\/public.kantarpolska.com\/archiwumraportow\/wp-json\/wp\/v2\/posts"}],"about":[{"href":"https:\/\/public.kantarpolska.com\/archiwumraportow\/wp-json\/wp\/v2\/types\/post"}],"author":[{"embeddable":true,"href":"https:\/\/public.kantarpolska.com\/archiwumraportow\/wp-json\/wp\/v2\/users\/10"}],"replies":[{"embeddable":true,"href":"https:\/\/public.kantarpolska.com\/archiwumraportow\/wp-json\/wp\/v2\/comments?post=4973"}],"version-history":[{"count":1,"href":"https:\/\/public.kantarpolska.com\/archiwumraportow\/wp-json\/wp\/v2\/posts\/4973\/revisions"}],"predecessor-version":[{"id":4975,"href":"https:\/\/public.kantarpolska.com\/archiwumraportow\/wp-json\/wp\/v2\/posts\/4973\/revisions\/4975"}],"wp:attachment":[{"href":"https:\/\/public.kantarpolska.com\/archiwumraportow\/wp-json\/wp\/v2\/media?parent=4973"}],"wp:term":[{"taxonomy":"category","embeddable":true,"href":"https:\/\/public.kantarpolska.com\/archiwumraportow\/wp-json\/wp\/v2\/categories?post=4973"},{"taxonomy":"post_tag","embeddable":true,"href":"https:\/\/public.kantarpolska.com\/archiwumraportow\/wp-json\/wp\/v2\/tags?post=4973"}],"curies":[{"name":"wp","href":"https:\/\/api.w.org\/{rel}","templated":true}]}}