
{"id":4925,"date":"2012-03-28T00:00:00","date_gmt":"2012-03-28T00:00:00","guid":{"rendered":"https:\/\/www.tnsglobal.pl\/archiwumraportow\/2012\/03\/28\/komu-potrzebne-jest-euro-2012\/"},"modified":"2012-03-28T00:00:00","modified_gmt":"2012-03-28T00:00:00","slug":"komu-potrzebne-jest-euro-2012","status":"publish","type":"post","link":"https:\/\/public.kantarpolska.com\/archiwumraportow\/2012\/03\/28\/komu-potrzebne-jest-euro-2012\/","title":{"rendered":"Komu potrzebne jest EURO 2012"},"content":{"rendered":"<p>Mistrzostwa Europy w pi\u0142ce no\u017cnej z pewno\u015bci\u0105 b\u0119d\u0105 g\u0142\u00f3wnym wydarzeniem w przestrzeni komunikacyjnej Polski w czerwcu, kiedy b\u0119d\u0105 si\u0119 odbywa\u0142y. Ale i obecnie, na kilka miesi\u0119cy przed inauguracj\u0105<!--more--> sprawy EURO absorbuj\u0105 uwag\u0119 polityk\u00f3w, elit medialnych i publiczno\u015bci. Przez d\u0142ugi czas w mediach obecna by\u0142a sprawa dr\u00f3g: zd\u0105\u017cymy czy nie zd\u0105\u017cymy z autostradami, czy nie spieszymy si\u0119 z ich budowa kosztem ich jako\u015bci? Ostatnio tematem w mediach by\u0142o przed\u0142u\u017cone otwarcie Stadionu Narodowego i premia dla osoby kieruj\u0105cej jego budow\u0105. Przez ca\u0142y czas s\u0142ycha\u0107 by\u0142o g\u0142osy entuzjast\u00f3w, ale i sceptyk\u00f3w. Sonda\u017c TNS OBOP, przeprowadzony w dn. 15-18 marca 2012 r., wkr\u00f3tce po pierwszym meczu rozegranym na Stadionie (29 lutego), rejestruje opinie i oczekiwania opinii publicznej, zwi\u0105zane z EURO 2012.<\/p>\n<div class=\"infopay\">Raport udost\u0119pniany jest bezp\u0142atnie, w us\u0142udze &#8222;udost\u0119pnij aby pobra\u0107&#8221;.<br \/>\n          <b>Na czym to polega?<\/b> Raport b\u0119dzie dost\u0119pny do pobrania w pdf po udost\u0119pnieniu wpisu z linkiem do Archiwum Raport\u00f3w TNS Polska na wybranym serwisie spo\u0142eczno\u015bciowym: Facebooku lub Twitterze.\n          <\/div>\n","protected":false},"excerpt":{"rendered":"<p>Mistrzostwa Europy w pi\u0142ce no\u017cnej z pewno\u015bci\u0105 b\u0119d\u0105 g\u0142\u00f3wnym wydarzeniem w przestrzeni komunikacyjnej Polski w czerwcu, kiedy b\u0119d\u0105 si\u0119 odbywa\u0142y. Ale i obecnie, na kilka miesi\u0119cy przed inauguracj\u0105<\/p>\n","protected":false},"author":1,"featured_media":0,"comment_status":"closed","ping_status":"closed","sticky":false,"template":"","format":"standard","meta":{"ngg_post_thumbnail":0},"categories":[1],"tags":[],"_links":{"self":[{"href":"https:\/\/public.kantarpolska.com\/archiwumraportow\/wp-json\/wp\/v2\/posts\/4925"}],"collection":[{"href":"https:\/\/public.kantarpolska.com\/archiwumraportow\/wp-json\/wp\/v2\/posts"}],"about":[{"href":"https:\/\/public.kantarpolska.com\/archiwumraportow\/wp-json\/wp\/v2\/types\/post"}],"author":[{"embeddable":true,"href":"https:\/\/public.kantarpolska.com\/archiwumraportow\/wp-json\/wp\/v2\/users\/1"}],"replies":[{"embeddable":true,"href":"https:\/\/public.kantarpolska.com\/archiwumraportow\/wp-json\/wp\/v2\/comments?post=4925"}],"version-history":[{"count":0,"href":"https:\/\/public.kantarpolska.com\/archiwumraportow\/wp-json\/wp\/v2\/posts\/4925\/revisions"}],"wp:attachment":[{"href":"https:\/\/public.kantarpolska.com\/archiwumraportow\/wp-json\/wp\/v2\/media?parent=4925"}],"wp:term":[{"taxonomy":"category","embeddable":true,"href":"https:\/\/public.kantarpolska.com\/archiwumraportow\/wp-json\/wp\/v2\/categories?post=4925"},{"taxonomy":"post_tag","embeddable":true,"href":"https:\/\/public.kantarpolska.com\/archiwumraportow\/wp-json\/wp\/v2\/tags?post=4925"}],"curies":[{"name":"wp","href":"https:\/\/api.w.org\/{rel}","templated":true}]}}