
{"id":4916,"date":"2011-12-16T00:00:00","date_gmt":"2011-12-16T00:00:00","guid":{"rendered":"https:\/\/www.tnsglobal.pl\/archiwumraportow\/2011\/12\/16\/przyjecie-wspolnej-waluty-euro-w-opinii-polakow-w-grudniu-2011-r\/"},"modified":"2011-12-16T00:00:00","modified_gmt":"2011-12-16T00:00:00","slug":"przyjecie-wspolnej-waluty-euro-w-opinii-polakow-w-grudniu-2011-r","status":"publish","type":"post","link":"https:\/\/public.kantarpolska.com\/archiwumraportow\/2011\/12\/16\/przyjecie-wspolnej-waluty-euro-w-opinii-polakow-w-grudniu-2011-r\/","title":{"rendered":"Przyj\u0119cie wsp\u00f3lnej waluty euro w opinii Polak\u00f3w w grudniu 2011 r"},"content":{"rendered":"<p>W pierwszej po\u0142owie grudnia 2011 r. TNS OBOP w cyklicznym sonda\u017cu zapyta\u0142 Polak\u00f3w o opinie na temat wej\u015bcia naszego kraju do strefy euro. Pytania dotyczy\u0142y og\u00f3lnej oceny wprowadzenia<!--more--> euro oraz przewidywanych konsekwencji zmiany waluty dla gospodarstw domowych, polskiej gospodarki i to\u017csamo\u015bci narodowej, a tak\u017ce preferowanej daty przyj\u0119cia wsp\u00f3lnej waluty europejskiej.<\/p>\n<div class=\"infopay\">Raport udost\u0119pniany jest bezp\u0142atnie, w us\u0142udze &#8222;udost\u0119pnij aby pobra\u0107&#8221;.<br \/>\n          <b>Na czym to polega?<\/b> Raport b\u0119dzie dost\u0119pny do pobrania w pdf po udost\u0119pnieniu wpisu z linkiem do Archiwum Raport\u00f3w TNS Polska na wybranym serwisie spo\u0142eczno\u015bciowym: Facebooku lub Twitterze.\n          <\/div>\n","protected":false},"excerpt":{"rendered":"<p>W pierwszej po\u0142owie grudnia 2011 r. TNS OBOP w cyklicznym sonda\u017cu zapyta\u0142 Polak\u00f3w o opinie na temat wej\u015bcia naszego kraju do strefy euro. Pytania dotyczy\u0142y og\u00f3lnej oceny wprowadzenia<\/p>\n","protected":false},"author":1,"featured_media":0,"comment_status":"closed","ping_status":"closed","sticky":false,"template":"","format":"standard","meta":{"ngg_post_thumbnail":0},"categories":[1],"tags":[],"_links":{"self":[{"href":"https:\/\/public.kantarpolska.com\/archiwumraportow\/wp-json\/wp\/v2\/posts\/4916"}],"collection":[{"href":"https:\/\/public.kantarpolska.com\/archiwumraportow\/wp-json\/wp\/v2\/posts"}],"about":[{"href":"https:\/\/public.kantarpolska.com\/archiwumraportow\/wp-json\/wp\/v2\/types\/post"}],"author":[{"embeddable":true,"href":"https:\/\/public.kantarpolska.com\/archiwumraportow\/wp-json\/wp\/v2\/users\/1"}],"replies":[{"embeddable":true,"href":"https:\/\/public.kantarpolska.com\/archiwumraportow\/wp-json\/wp\/v2\/comments?post=4916"}],"version-history":[{"count":0,"href":"https:\/\/public.kantarpolska.com\/archiwumraportow\/wp-json\/wp\/v2\/posts\/4916\/revisions"}],"wp:attachment":[{"href":"https:\/\/public.kantarpolska.com\/archiwumraportow\/wp-json\/wp\/v2\/media?parent=4916"}],"wp:term":[{"taxonomy":"category","embeddable":true,"href":"https:\/\/public.kantarpolska.com\/archiwumraportow\/wp-json\/wp\/v2\/categories?post=4916"},{"taxonomy":"post_tag","embeddable":true,"href":"https:\/\/public.kantarpolska.com\/archiwumraportow\/wp-json\/wp\/v2\/tags?post=4916"}],"curies":[{"name":"wp","href":"https:\/\/api.w.org\/{rel}","templated":true}]}}