
{"id":4915,"date":"2011-12-23T00:00:00","date_gmt":"2011-12-23T00:00:00","guid":{"rendered":"https:\/\/www.tnsglobal.pl\/archiwumraportow\/2011\/12\/23\/jak-korzystamy-z-wolnosci-zgromadzen\/"},"modified":"2011-12-23T00:00:00","modified_gmt":"2011-12-23T00:00:00","slug":"jak-korzystamy-z-wolnosci-zgromadzen","status":"publish","type":"post","link":"https:\/\/public.kantarpolska.com\/archiwumraportow\/2011\/12\/23\/jak-korzystamy-z-wolnosci-zgromadzen\/","title":{"rendered":"Jak korzystamy z wolno\u015bci zgromadze\u0144?"},"content":{"rendered":"<p>Manifestacje, kontr-manifestacje i zamieszki uliczne w Warszawie w dniu 11 listopada 2011 r. na nowo, i na kr\u00f3tko uczyni\u0142y kwesti\u0105 publiczn\u0105 zagadnienie granic wolno\u015bci zgromadze\u0144. Na nowo,<!--more--> gdy\u017c problem ten pojawia\u0142 si\u0119 ju\u017c kilkakrotnie, po innych manifestacjach, kt\u00f3re utrudnia\u0142y funkcjonowanie miasta lub prowadzi\u0142y do przemocy. Na kr\u00f3tko, gdy\u017c problem ten znikn\u0105\u0142 tak szybko jak si\u0119 pojawi\u0142 i niewiadomo, czy jakiekolwiek inicjatywy zmierzaj\u0105ce do pogodzenia prawa do wolno\u015bci zgromadze\u0144 z innymi warto\u015bciami przybior\u0105 posta\u0107 regulacji prawnych. W sonda\u017cu z 8-11.12.2011 r. TNS OBOP zbada\u0142 opinie Polak\u00f3w zwi\u0105zane z tymi zagadnieniami.<\/p>\n<div class=\"infopay\">Raport udost\u0119pniany jest bezp\u0142atnie, w us\u0142udze &#8222;udost\u0119pnij aby pobra\u0107&#8221;.<br \/>\n          <b>Na czym to polega?<\/b> Raport b\u0119dzie dost\u0119pny do pobrania w pdf po udost\u0119pnieniu wpisu z linkiem do Archiwum Raport\u00f3w TNS Polska na wybranym serwisie spo\u0142eczno\u015bciowym: Facebooku lub Twitterze.\n          <\/div>\n","protected":false},"excerpt":{"rendered":"<p>Manifestacje, kontr-manifestacje i zamieszki uliczne w Warszawie w dniu 11 listopada 2011 r. na nowo, i na kr\u00f3tko uczyni\u0142y kwesti\u0105 publiczn\u0105 zagadnienie granic wolno\u015bci zgromadze\u0144. Na nowo,<\/p>\n","protected":false},"author":1,"featured_media":0,"comment_status":"closed","ping_status":"closed","sticky":false,"template":"","format":"standard","meta":{"ngg_post_thumbnail":0},"categories":[1],"tags":[],"_links":{"self":[{"href":"https:\/\/public.kantarpolska.com\/archiwumraportow\/wp-json\/wp\/v2\/posts\/4915"}],"collection":[{"href":"https:\/\/public.kantarpolska.com\/archiwumraportow\/wp-json\/wp\/v2\/posts"}],"about":[{"href":"https:\/\/public.kantarpolska.com\/archiwumraportow\/wp-json\/wp\/v2\/types\/post"}],"author":[{"embeddable":true,"href":"https:\/\/public.kantarpolska.com\/archiwumraportow\/wp-json\/wp\/v2\/users\/1"}],"replies":[{"embeddable":true,"href":"https:\/\/public.kantarpolska.com\/archiwumraportow\/wp-json\/wp\/v2\/comments?post=4915"}],"version-history":[{"count":0,"href":"https:\/\/public.kantarpolska.com\/archiwumraportow\/wp-json\/wp\/v2\/posts\/4915\/revisions"}],"wp:attachment":[{"href":"https:\/\/public.kantarpolska.com\/archiwumraportow\/wp-json\/wp\/v2\/media?parent=4915"}],"wp:term":[{"taxonomy":"category","embeddable":true,"href":"https:\/\/public.kantarpolska.com\/archiwumraportow\/wp-json\/wp\/v2\/categories?post=4915"},{"taxonomy":"post_tag","embeddable":true,"href":"https:\/\/public.kantarpolska.com\/archiwumraportow\/wp-json\/wp\/v2\/tags?post=4915"}],"curies":[{"name":"wp","href":"https:\/\/api.w.org\/{rel}","templated":true}]}}