
{"id":4912,"date":"2011-12-08T00:00:00","date_gmt":"2011-12-08T00:00:00","guid":{"rendered":"https:\/\/www.tnsglobal.pl\/archiwumraportow\/2011\/12\/08\/stalosc-i-zmiana-ocen-stanu-wojennego-w-okresie-iii-rp-1991-2011\/"},"modified":"2011-12-08T00:00:00","modified_gmt":"2011-12-08T00:00:00","slug":"stalosc-i-zmiana-ocen-stanu-wojennego-w-okresie-iii-rp-1991-2011","status":"publish","type":"post","link":"https:\/\/public.kantarpolska.com\/archiwumraportow\/2011\/12\/08\/stalosc-i-zmiana-ocen-stanu-wojennego-w-okresie-iii-rp-1991-2011\/","title":{"rendered":"Sta\u0142o\u015b\u0107 i zmiana ocen stanu wojennego w okresie III RP (1991-2011)"},"content":{"rendered":"<p>13 grudnia 2011 r. minie 30 lat od wprowadzenia stanu wojennego, jednego z najwa\u017cniejszych i najbardziej dramatycznych wydarze\u0144 w najnowszej historii Polski. Przeprowadzony w dniach 4-8<!--more--> listopada 2011 r. sonda\u017c TNS OBOP pokazuje, jak po trzydziestu latach patrzy na stan wojenny masowa opinia publiczna .Sonda\u017c ten jest kolejnym badaniem TNS OBOP na temat spo\u0142ecznej oceny stanu wojennego. Pierwsze badanie OBOP przeprowadzi\u0142 ju\u017c w lutym 1982 r. Potem prowadzi\u0142 badania w roku 1991, 2001 i 2006. Niniejszy raport zdaje spraw\u0119 przede wszystkim z wynik\u00f3w badania w 2011 roku, ale odnosi je do wynik\u00f3w bada\u0144 wcze\u015bniejszych. Pozwala to na por\u00f3wnania obejmuj\u0105ce 20 lat, ca\u0142\u0105 histori\u0119 wolnej Polski.<\/p>\n<div class=\"infopay\">Raport udost\u0119pniany jest bezp\u0142atnie, w us\u0142udze &#8222;udost\u0119pnij aby pobra\u0107&#8221;.<br \/>\n          <b>Na czym to polega?<\/b> Raport b\u0119dzie dost\u0119pny do pobrania w pdf po udost\u0119pnieniu wpisu z linkiem do Archiwum Raport\u00f3w TNS Polska na wybranym serwisie spo\u0142eczno\u015bciowym: Facebooku lub Twitterze.\n          <\/div>\n","protected":false},"excerpt":{"rendered":"<p>13 grudnia 2011 r. minie 30 lat od wprowadzenia stanu wojennego, jednego z najwa\u017cniejszych i najbardziej dramatycznych wydarze\u0144 w najnowszej historii Polski. Przeprowadzony w dniach 4-8<\/p>\n","protected":false},"author":1,"featured_media":0,"comment_status":"closed","ping_status":"closed","sticky":false,"template":"","format":"standard","meta":{"ngg_post_thumbnail":0},"categories":[1],"tags":[],"_links":{"self":[{"href":"https:\/\/public.kantarpolska.com\/archiwumraportow\/wp-json\/wp\/v2\/posts\/4912"}],"collection":[{"href":"https:\/\/public.kantarpolska.com\/archiwumraportow\/wp-json\/wp\/v2\/posts"}],"about":[{"href":"https:\/\/public.kantarpolska.com\/archiwumraportow\/wp-json\/wp\/v2\/types\/post"}],"author":[{"embeddable":true,"href":"https:\/\/public.kantarpolska.com\/archiwumraportow\/wp-json\/wp\/v2\/users\/1"}],"replies":[{"embeddable":true,"href":"https:\/\/public.kantarpolska.com\/archiwumraportow\/wp-json\/wp\/v2\/comments?post=4912"}],"version-history":[{"count":0,"href":"https:\/\/public.kantarpolska.com\/archiwumraportow\/wp-json\/wp\/v2\/posts\/4912\/revisions"}],"wp:attachment":[{"href":"https:\/\/public.kantarpolska.com\/archiwumraportow\/wp-json\/wp\/v2\/media?parent=4912"}],"wp:term":[{"taxonomy":"category","embeddable":true,"href":"https:\/\/public.kantarpolska.com\/archiwumraportow\/wp-json\/wp\/v2\/categories?post=4912"},{"taxonomy":"post_tag","embeddable":true,"href":"https:\/\/public.kantarpolska.com\/archiwumraportow\/wp-json\/wp\/v2\/tags?post=4912"}],"curies":[{"name":"wp","href":"https:\/\/api.w.org\/{rel}","templated":true}]}}