
{"id":491,"date":"2001-10-22T00:00:00","date_gmt":"2001-10-22T00:00:00","guid":{"rendered":"https:\/\/www.tnsglobal.pl\/archiwumraportow\/2001\/10\/22\/bezpieczenstwo-polski-europy-i-swiata-w-kontekscie-konfliktu-afganskiego\/"},"modified":"2016-06-07T09:55:39","modified_gmt":"2016-06-07T09:55:39","slug":"bezpieczenstwo-polski-europy-i-swiata-w-kontekscie-konfliktu-afganskiego","status":"publish","type":"post","link":"https:\/\/public.kantarpolska.com\/archiwumraportow\/2001\/10\/22\/bezpieczenstwo-polski-europy-i-swiata-w-kontekscie-konfliktu-afganskiego\/","title":{"rendered":"Bezpiecze\u0144stwo Polski, Europy i \u015bwiata w kontek\u015bcie konfliktu afga\u0144skiego"},"content":{"rendered":"<p>Czy konflikt afga\u0144ski mo\u017ce stanowi\u0107 zagro\u017cenie dla bezpiecze\u0144stwa naszego kraju, Europy i \u015bwiata? Czy i w jaki spos\u00f3b sytuacja mi\u0119dzynarodowa powsta\u0142a po 11. wrze\u015bnia wp\u0142ywa na poczucie bezpiecze\u0144stwa<!--more--> Polak\u00f3w? Czego \u2013 w zwi\u0105zku z atakami terrorystycznymi na Stany Zjednoczone oraz dzia\u0142aniami zbrojnymi na terenie Afganistanu \u2013 Polacy obawiaj\u0105 si\u0119 najbardziej? Odpowiedzi na te pytania dostarcza nam sonda\u017c zrealizowany przez TNS OBOP w drugiej po\u0142owie pa\u017adziernika.<\/p>\n<div class=\"infopay\">Raport udost\u0119pniany jest bezp\u0142atnie, w us\u0142udze &#8222;udost\u0119pnij aby pobra\u0107&#8221;.<br \/>\n<b>Na czym to polega?<\/b> Raport b\u0119dzie dost\u0119pny do pobrania w pdf po udost\u0119pnieniu wpisu z linkiem do Archiwum Raport\u00f3w TNS Polska na wybranym serwisie spo\u0142eczno\u015bciowym: Facebooku lub Twitterze.<\/div>\n","protected":false},"excerpt":{"rendered":"<p>Czy konflikt afga\u0144ski mo\u017ce stanowi\u0107 zagro\u017cenie dla bezpiecze\u0144stwa naszego kraju, Europy i \u015bwiata? Czy i w jaki spos\u00f3b sytuacja mi\u0119dzynarodowa powsta\u0142a po 11. wrze\u015bnia wp\u0142ywa na poczucie bezpiecze\u0144stwa<\/p>\n","protected":false},"author":1,"featured_media":0,"comment_status":"closed","ping_status":"closed","sticky":false,"template":"","format":"standard","meta":{"ngg_post_thumbnail":0},"categories":[1],"tags":[146],"_links":{"self":[{"href":"https:\/\/public.kantarpolska.com\/archiwumraportow\/wp-json\/wp\/v2\/posts\/491"}],"collection":[{"href":"https:\/\/public.kantarpolska.com\/archiwumraportow\/wp-json\/wp\/v2\/posts"}],"about":[{"href":"https:\/\/public.kantarpolska.com\/archiwumraportow\/wp-json\/wp\/v2\/types\/post"}],"author":[{"embeddable":true,"href":"https:\/\/public.kantarpolska.com\/archiwumraportow\/wp-json\/wp\/v2\/users\/1"}],"replies":[{"embeddable":true,"href":"https:\/\/public.kantarpolska.com\/archiwumraportow\/wp-json\/wp\/v2\/comments?post=491"}],"version-history":[{"count":2,"href":"https:\/\/public.kantarpolska.com\/archiwumraportow\/wp-json\/wp\/v2\/posts\/491\/revisions"}],"predecessor-version":[{"id":6533,"href":"https:\/\/public.kantarpolska.com\/archiwumraportow\/wp-json\/wp\/v2\/posts\/491\/revisions\/6533"}],"wp:attachment":[{"href":"https:\/\/public.kantarpolska.com\/archiwumraportow\/wp-json\/wp\/v2\/media?parent=491"}],"wp:term":[{"taxonomy":"category","embeddable":true,"href":"https:\/\/public.kantarpolska.com\/archiwumraportow\/wp-json\/wp\/v2\/categories?post=491"},{"taxonomy":"post_tag","embeddable":true,"href":"https:\/\/public.kantarpolska.com\/archiwumraportow\/wp-json\/wp\/v2\/tags?post=491"}],"curies":[{"name":"wp","href":"https:\/\/api.w.org\/{rel}","templated":true}]}}