
{"id":4907,"date":"2011-11-21T00:00:00","date_gmt":"2011-11-21T00:00:00","guid":{"rendered":"https:\/\/www.tnsglobal.pl\/archiwumraportow\/2011\/11\/21\/wskaznik-nastrojow-ekonomicznych-polacy-o-kondycji-ekonomicznej-kraju-i-wlasnej-sytuacji-materialnej-w-czwartym-kwartale-2011-r\/"},"modified":"2014-03-27T14:22:54","modified_gmt":"2014-03-27T14:22:54","slug":"wskaznik-nastrojow-ekonomicznych-polacy-o-kondycji-ekonomicznej-kraju-i-wlasnej-sytuacji-materialnej-w-czwartym-kwartale-2011-r","status":"publish","type":"post","link":"https:\/\/public.kantarpolska.com\/archiwumraportow\/2011\/11\/21\/wskaznik-nastrojow-ekonomicznych-polacy-o-kondycji-ekonomicznej-kraju-i-wlasnej-sytuacji-materialnej-w-czwartym-kwartale-2011-r\/","title":{"rendered":"Wska\u017anik Nastroj\u00f3w Ekonomicznych \u2013 Polacy o kondycji ekonomicznej kraju  i w\u0142asnej sytuacji materialnej  w czwartym kwartale 2011 r."},"content":{"rendered":"<p>Wska\u017anik Nastroj\u00f3w Ekonomicznych to badanie prowadzone cyklicznie przez TNS OBOP. WNE konstruowany jest na podstawie dziewi\u0119ciu pyta\u0144 odnosz\u0105cych si\u0119 zar\u00f3wno do sytuacji makroekonomicznej \u2013 kraju, jak i mikroekonomicznej<!--more--> \u2013 gospodarstw domowych. Pytania, kt\u00f3re stanowi\u0105 baz\u0119 dla tworzenia tego wska\u017anika, diagnozuj\u0105 aktualn\u0105 odczuwan\u0105 sytuacj\u0119, oceniaj\u0105 kierunek dotychczasowych zmian oraz obejmuj\u0105 prognozy w perspektywie 1 roku oraz 3 lat.<\/p>\n<div class=\"infopay\">Raport udost\u0119pniany jest bezp\u0142atnie, w us\u0142udze &#8222;udost\u0119pnij aby pobra\u0107&#8221;.<br \/>\n<b>Na czym to polega?<\/b> Raport b\u0119dzie dost\u0119pny do pobrania w pdf po udost\u0119pnieniu wpisu z linkiem do Archiwum Raport\u00f3w TNS Polska na wybranym serwisie spo\u0142eczno\u015bciowym: Facebooku lub Twitterze.<\/div>\n","protected":false},"excerpt":{"rendered":"<p>Wska\u017anik Nastroj\u00f3w Ekonomicznych to badanie prowadzone cyklicznie przez TNS OBOP. WNE konstruowany jest na podstawie dziewi\u0119ciu pyta\u0144 odnosz\u0105cych si\u0119 zar\u00f3wno do sytuacji makroekonomicznej \u2013 kraju, jak i mikroekonomicznej<\/p>\n","protected":false},"author":1,"featured_media":0,"comment_status":"closed","ping_status":"closed","sticky":false,"template":"","format":"standard","meta":{"ngg_post_thumbnail":0},"categories":[1],"tags":[],"_links":{"self":[{"href":"https:\/\/public.kantarpolska.com\/archiwumraportow\/wp-json\/wp\/v2\/posts\/4907"}],"collection":[{"href":"https:\/\/public.kantarpolska.com\/archiwumraportow\/wp-json\/wp\/v2\/posts"}],"about":[{"href":"https:\/\/public.kantarpolska.com\/archiwumraportow\/wp-json\/wp\/v2\/types\/post"}],"author":[{"embeddable":true,"href":"https:\/\/public.kantarpolska.com\/archiwumraportow\/wp-json\/wp\/v2\/users\/1"}],"replies":[{"embeddable":true,"href":"https:\/\/public.kantarpolska.com\/archiwumraportow\/wp-json\/wp\/v2\/comments?post=4907"}],"version-history":[{"count":1,"href":"https:\/\/public.kantarpolska.com\/archiwumraportow\/wp-json\/wp\/v2\/posts\/4907\/revisions"}],"predecessor-version":[{"id":5448,"href":"https:\/\/public.kantarpolska.com\/archiwumraportow\/wp-json\/wp\/v2\/posts\/4907\/revisions\/5448"}],"wp:attachment":[{"href":"https:\/\/public.kantarpolska.com\/archiwumraportow\/wp-json\/wp\/v2\/media?parent=4907"}],"wp:term":[{"taxonomy":"category","embeddable":true,"href":"https:\/\/public.kantarpolska.com\/archiwumraportow\/wp-json\/wp\/v2\/categories?post=4907"},{"taxonomy":"post_tag","embeddable":true,"href":"https:\/\/public.kantarpolska.com\/archiwumraportow\/wp-json\/wp\/v2\/tags?post=4907"}],"curies":[{"name":"wp","href":"https:\/\/api.w.org\/{rel}","templated":true}]}}