
{"id":4904,"date":"2011-11-16T00:00:00","date_gmt":"2011-11-16T00:00:00","guid":{"rendered":"https:\/\/www.tnsglobal.pl\/archiwumraportow\/2011\/11\/16\/proces-powstawania-nowego-rzadu\/"},"modified":"2011-11-16T00:00:00","modified_gmt":"2011-11-16T00:00:00","slug":"proces-powstawania-nowego-rzadu","status":"publish","type":"post","link":"https:\/\/public.kantarpolska.com\/archiwumraportow\/2011\/11\/16\/proces-powstawania-nowego-rzadu\/","title":{"rendered":"Proces powstawania nowego rz\u0105du"},"content":{"rendered":"<p>W wyborach do Sejmu, kt\u00f3re odby\u0142y si\u0119 9.10.2011 r. Platforma Obywatelska i Polskie Stronnictwo Ludowe, partie dotychczasowej koalicji rz\u0105dz\u0105cej, uzyska\u0142y \u0142\u0105cznie ponad 50% g\u0142os\u00f3w. Poniewa\u017c partie ju\u017c przed<!--more--> wyborami deklarowa\u0142y wol\u0119 kontynuowania wsp\u00f3lnego rz\u0105dzenia, zasz\u0142y przes\u0142anki do bardzo szybkiego powo\u0142ania nowego rz\u0105du. Sta\u0142o si\u0119 jednak inaczej. Premier Tusk, kt\u00f3ry przed wyborami zapowiada\u0142 g\u0142\u0119bokie zmiany w rz\u0105dzie, zmieni\u0142 zdanie i wyrazi\u0142 zamiar szybkiego powo\u0142ania &#8222;nowego&#8221; rz\u0105du w niezmienionym sk\u0142adzie, by dopiero pod koniec roku, gdy zbli\u017cy si\u0119 do ko\u0144ca polska prezydencja w UE, powymienia\u0107 w nim ministr\u00f3w. Prezydent Komorowski odwi\u00f3d\u0142 premiera od tego pomys\u0142u i obaj politycy postanowili wykorzysta\u0107 do maksimum terminy konstytucyjne, a wi\u0119c powo\u0142a\u0107 rz\u0105d pod koniec pierwszej dekady grudnia, dwa miesi\u0105ce po wyborach. W okresie oczekiwania na powo\u0142anie nowego rz\u0105du, w dn. 4-8.XI.2011 r. TNS OBOP w swym comiesi\u0119cznym sonda\u017cu zbada\u0142, co Polacy s\u0105dz\u0105 o procesie powstawania rz\u0105du<\/p>\n<div class=\"infopay\">Raport udost\u0119pniany jest bezp\u0142atnie, w us\u0142udze &#8222;udost\u0119pnij aby pobra\u0107&#8221;.<br \/>\n          <b>Na czym to polega?<\/b> Raport b\u0119dzie dost\u0119pny do pobrania w pdf po udost\u0119pnieniu wpisu z linkiem do Archiwum Raport\u00f3w TNS Polska na wybranym serwisie spo\u0142eczno\u015bciowym: Facebooku lub Twitterze.\n          <\/div>\n","protected":false},"excerpt":{"rendered":"<p>W wyborach do Sejmu, kt\u00f3re odby\u0142y si\u0119 9.10.2011 r. Platforma Obywatelska i Polskie Stronnictwo Ludowe, partie dotychczasowej koalicji rz\u0105dz\u0105cej, uzyska\u0142y \u0142\u0105cznie ponad 50% g\u0142os\u00f3w. Poniewa\u017c partie ju\u017c przed<\/p>\n","protected":false},"author":1,"featured_media":0,"comment_status":"closed","ping_status":"closed","sticky":false,"template":"","format":"standard","meta":{"ngg_post_thumbnail":0},"categories":[1],"tags":[],"_links":{"self":[{"href":"https:\/\/public.kantarpolska.com\/archiwumraportow\/wp-json\/wp\/v2\/posts\/4904"}],"collection":[{"href":"https:\/\/public.kantarpolska.com\/archiwumraportow\/wp-json\/wp\/v2\/posts"}],"about":[{"href":"https:\/\/public.kantarpolska.com\/archiwumraportow\/wp-json\/wp\/v2\/types\/post"}],"author":[{"embeddable":true,"href":"https:\/\/public.kantarpolska.com\/archiwumraportow\/wp-json\/wp\/v2\/users\/1"}],"replies":[{"embeddable":true,"href":"https:\/\/public.kantarpolska.com\/archiwumraportow\/wp-json\/wp\/v2\/comments?post=4904"}],"version-history":[{"count":0,"href":"https:\/\/public.kantarpolska.com\/archiwumraportow\/wp-json\/wp\/v2\/posts\/4904\/revisions"}],"wp:attachment":[{"href":"https:\/\/public.kantarpolska.com\/archiwumraportow\/wp-json\/wp\/v2\/media?parent=4904"}],"wp:term":[{"taxonomy":"category","embeddable":true,"href":"https:\/\/public.kantarpolska.com\/archiwumraportow\/wp-json\/wp\/v2\/categories?post=4904"},{"taxonomy":"post_tag","embeddable":true,"href":"https:\/\/public.kantarpolska.com\/archiwumraportow\/wp-json\/wp\/v2\/tags?post=4904"}],"curies":[{"name":"wp","href":"https:\/\/api.w.org\/{rel}","templated":true}]}}