
{"id":4903,"date":"2011-11-15T00:00:00","date_gmt":"2011-11-15T00:00:00","guid":{"rendered":"https:\/\/www.tnsglobal.pl\/archiwumraportow\/2011\/11\/15\/ocena-dzialalnosci-rzadu-premiera-i-prezydenta-w-listopadzie-2011-r\/"},"modified":"2011-11-15T00:00:00","modified_gmt":"2011-11-15T00:00:00","slug":"ocena-dzialalnosci-rzadu-premiera-i-prezydenta-w-listopadzie-2011-r","status":"publish","type":"post","link":"https:\/\/public.kantarpolska.com\/archiwumraportow\/2011\/11\/15\/ocena-dzialalnosci-rzadu-premiera-i-prezydenta-w-listopadzie-2011-r\/","title":{"rendered":"Ocena dzia\u0142alno\u015bci rz\u0105du, premiera i prezydenta w listopadzie 2011 r"},"content":{"rendered":"<p>W cyklicznym sonda\u017cu TNS OBOP zbadano opinie Polak\u00f3w dotycz\u0105ce dzia\u0142alno\u015bci polskiego rz\u0105du, premiera Donalda Tuska, oraz prezydenta Bronis\u0142awa Komorowskiego. Raport prezentuje najnowsze, listopadowe wyniki oraz por\u00f3wnuje<!--more--> je z danymi uzyskiwanymi w poprzednich edycjach badania<\/p>\n<div class=\"infopay\">Raport udost\u0119pniany jest bezp\u0142atnie, w us\u0142udze &#8222;udost\u0119pnij aby pobra\u0107&#8221;.<br \/>\n          <b>Na czym to polega?<\/b> Raport b\u0119dzie dost\u0119pny do pobrania w pdf po udost\u0119pnieniu wpisu z linkiem do Archiwum Raport\u00f3w TNS Polska na wybranym serwisie spo\u0142eczno\u015bciowym: Facebooku lub Twitterze.\n          <\/div>\n","protected":false},"excerpt":{"rendered":"<p>W cyklicznym sonda\u017cu TNS OBOP zbadano opinie Polak\u00f3w dotycz\u0105ce dzia\u0142alno\u015bci polskiego rz\u0105du, premiera Donalda Tuska, oraz prezydenta Bronis\u0142awa Komorowskiego. Raport prezentuje najnowsze, listopadowe wyniki oraz por\u00f3wnuje<\/p>\n","protected":false},"author":1,"featured_media":0,"comment_status":"closed","ping_status":"closed","sticky":false,"template":"","format":"standard","meta":{"ngg_post_thumbnail":0},"categories":[1],"tags":[],"_links":{"self":[{"href":"https:\/\/public.kantarpolska.com\/archiwumraportow\/wp-json\/wp\/v2\/posts\/4903"}],"collection":[{"href":"https:\/\/public.kantarpolska.com\/archiwumraportow\/wp-json\/wp\/v2\/posts"}],"about":[{"href":"https:\/\/public.kantarpolska.com\/archiwumraportow\/wp-json\/wp\/v2\/types\/post"}],"author":[{"embeddable":true,"href":"https:\/\/public.kantarpolska.com\/archiwumraportow\/wp-json\/wp\/v2\/users\/1"}],"replies":[{"embeddable":true,"href":"https:\/\/public.kantarpolska.com\/archiwumraportow\/wp-json\/wp\/v2\/comments?post=4903"}],"version-history":[{"count":0,"href":"https:\/\/public.kantarpolska.com\/archiwumraportow\/wp-json\/wp\/v2\/posts\/4903\/revisions"}],"wp:attachment":[{"href":"https:\/\/public.kantarpolska.com\/archiwumraportow\/wp-json\/wp\/v2\/media?parent=4903"}],"wp:term":[{"taxonomy":"category","embeddable":true,"href":"https:\/\/public.kantarpolska.com\/archiwumraportow\/wp-json\/wp\/v2\/categories?post=4903"},{"taxonomy":"post_tag","embeddable":true,"href":"https:\/\/public.kantarpolska.com\/archiwumraportow\/wp-json\/wp\/v2\/tags?post=4903"}],"curies":[{"name":"wp","href":"https:\/\/api.w.org\/{rel}","templated":true}]}}