
{"id":490,"date":"2001-10-22T00:00:00","date_gmt":"2001-10-22T00:00:00","guid":{"rendered":"https:\/\/www.tnsglobal.pl\/archiwumraportow\/2001\/10\/22\/spoleczne-oczekiwania-tuz-po-wyborach-parlamentarnych-2001\/"},"modified":"2001-10-22T00:00:00","modified_gmt":"2001-10-22T00:00:00","slug":"spoleczne-oczekiwania-tuz-po-wyborach-parlamentarnych-2001","status":"publish","type":"post","link":"https:\/\/public.kantarpolska.com\/archiwumraportow\/2001\/10\/22\/spoleczne-oczekiwania-tuz-po-wyborach-parlamentarnych-2001\/","title":{"rendered":"Spo\u0142eczne oczekiwania tu\u017c po wyborach parlamentarnych 2001"},"content":{"rendered":"<p>Po ostatnich wyborach parlamentarnych odnotowali\u015bmy popraw\u0119 nastroj\u00f3w spo\u0142ecznych, kt\u00f3re po dramatycznym spadku w ostatnim okresie zdo\u0142a\u0142y przed wyborami osi\u0105gn\u0105\u0107 jeden z najni\u017cszych poziom\u00f3w. Wzrost optymizmu obserwujemy regularnie przy<!--more--> okazji wszystkich elekcji. Oczekiwania i nadzieje wi\u0105zane z nowo wybranymi daj\u0105 im du\u017cy kredyt zaufania. Tu\u017c po tegorocznych wyborach przeprowadzili\u015bmy badanie, w kt\u00f3rym zapytali\u015bmy Polak\u00f3w, czego oczekuj\u0105 po nowym Sejmie i jakiego rozwoju sytuacji w kraju si\u0119 spodziewaj\u0105. Postanowili\u015bmy przypomnie\u0107 te\u017c, jak\u0105 przysz\u0142o\u015b\u0107 prognozowali\u015bmy poprzedniemu ju\u017c parlamentowi &#8211; wkr\u00f3tce po wyborach parlamentarnych 1997 r. Czy nasze oczekiwania i pok\u0142adane nadzieje r\u00f3\u017cni\u0105 si\u0119, czy &#8211; mimo up\u0142ywu czasu i ca\u0142kowicie odmiennych wynik\u00f3w wybor\u00f3w &#8211; s\u0105 mo\u017ce jednak podobne?<\/p>\n<div class=\"infopay\">Raport udost\u0119pniany jest bezp\u0142atnie, w us\u0142udze &#8222;udost\u0119pnij aby pobra\u0107&#8221;.<br \/>\n          <b>Na czym to polega?<\/b> Raport b\u0119dzie dost\u0119pny do pobrania w pdf po udost\u0119pnieniu wpisu z linkiem do Archiwum Raport\u00f3w TNS Polska na wybranym serwisie spo\u0142eczno\u015bciowym: Facebooku lub Twitterze.\n          <\/div>\n","protected":false},"excerpt":{"rendered":"<p>Po ostatnich wyborach parlamentarnych odnotowali\u015bmy popraw\u0119 nastroj\u00f3w spo\u0142ecznych, kt\u00f3re po dramatycznym spadku w ostatnim okresie zdo\u0142a\u0142y przed wyborami osi\u0105gn\u0105\u0107 jeden z najni\u017cszych poziom\u00f3w. Wzrost optymizmu obserwujemy regularnie przy<\/p>\n","protected":false},"author":1,"featured_media":0,"comment_status":"closed","ping_status":"closed","sticky":false,"template":"","format":"standard","meta":{"ngg_post_thumbnail":0},"categories":[1],"tags":[],"_links":{"self":[{"href":"https:\/\/public.kantarpolska.com\/archiwumraportow\/wp-json\/wp\/v2\/posts\/490"}],"collection":[{"href":"https:\/\/public.kantarpolska.com\/archiwumraportow\/wp-json\/wp\/v2\/posts"}],"about":[{"href":"https:\/\/public.kantarpolska.com\/archiwumraportow\/wp-json\/wp\/v2\/types\/post"}],"author":[{"embeddable":true,"href":"https:\/\/public.kantarpolska.com\/archiwumraportow\/wp-json\/wp\/v2\/users\/1"}],"replies":[{"embeddable":true,"href":"https:\/\/public.kantarpolska.com\/archiwumraportow\/wp-json\/wp\/v2\/comments?post=490"}],"version-history":[{"count":0,"href":"https:\/\/public.kantarpolska.com\/archiwumraportow\/wp-json\/wp\/v2\/posts\/490\/revisions"}],"wp:attachment":[{"href":"https:\/\/public.kantarpolska.com\/archiwumraportow\/wp-json\/wp\/v2\/media?parent=490"}],"wp:term":[{"taxonomy":"category","embeddable":true,"href":"https:\/\/public.kantarpolska.com\/archiwumraportow\/wp-json\/wp\/v2\/categories?post=490"},{"taxonomy":"post_tag","embeddable":true,"href":"https:\/\/public.kantarpolska.com\/archiwumraportow\/wp-json\/wp\/v2\/tags?post=490"}],"curies":[{"name":"wp","href":"https:\/\/api.w.org\/{rel}","templated":true}]}}