
{"id":4896,"date":"2011-10-24T00:00:00","date_gmt":"2011-10-24T00:00:00","guid":{"rendered":"https:\/\/www.tnsglobal.pl\/archiwumraportow\/2011\/10\/24\/ocena-dzialalnosci-rzadu-premiera-i-prezydenta-w-pazdzierniku-2011-r\/"},"modified":"2011-10-24T00:00:00","modified_gmt":"2011-10-24T00:00:00","slug":"ocena-dzialalnosci-rzadu-premiera-i-prezydenta-w-pazdzierniku-2011-r","status":"publish","type":"post","link":"https:\/\/public.kantarpolska.com\/archiwumraportow\/2011\/10\/24\/ocena-dzialalnosci-rzadu-premiera-i-prezydenta-w-pazdzierniku-2011-r\/","title":{"rendered":"Ocena dzia\u0142alno\u015bci rz\u0105du, premiera i prezydenta w pa\u017adzierniku 2011 r."},"content":{"rendered":"<p>W comiesi\u0119cznym sonda\u017cu TNS OBOP przeprowadzonym tu\u017c po wyborach dornparlamentu zapytano Polak\u00f3w o ich opinie na temat dzia\u0142alno\u015bci polskiego rz\u0105du, premierarnDonalda Tuska, oraz prezydenta Bronis\u0142awa Komorowskiego. Raport prezentujernpa\u017adziernikowe<!--more--> dane oraz por\u00f3wnuje je z wynikami uzyskiwanymi w poprzednich edycjachrnbadania.<\/p>\n<div class=\"infopay\">Raport udost\u0119pniany jest bezp\u0142atnie, w us\u0142udze &#8222;udost\u0119pnij aby pobra\u0107&#8221;.<br \/>\n          <b>Na czym to polega?<\/b> Raport b\u0119dzie dost\u0119pny do pobrania w pdf po udost\u0119pnieniu wpisu z linkiem do Archiwum Raport\u00f3w TNS Polska na wybranym serwisie spo\u0142eczno\u015bciowym: Facebooku lub Twitterze.\n          <\/div>\n","protected":false},"excerpt":{"rendered":"<p>W comiesi\u0119cznym sonda\u017cu TNS OBOP przeprowadzonym tu\u017c po wyborach dornparlamentu zapytano Polak\u00f3w o ich opinie na temat dzia\u0142alno\u015bci polskiego rz\u0105du, premierarnDonalda Tuska, oraz prezydenta Bronis\u0142awa Komorowskiego. Raport prezentujernpa\u017adziernikowe<\/p>\n","protected":false},"author":1,"featured_media":0,"comment_status":"closed","ping_status":"closed","sticky":false,"template":"","format":"standard","meta":{"ngg_post_thumbnail":0},"categories":[1],"tags":[],"_links":{"self":[{"href":"https:\/\/public.kantarpolska.com\/archiwumraportow\/wp-json\/wp\/v2\/posts\/4896"}],"collection":[{"href":"https:\/\/public.kantarpolska.com\/archiwumraportow\/wp-json\/wp\/v2\/posts"}],"about":[{"href":"https:\/\/public.kantarpolska.com\/archiwumraportow\/wp-json\/wp\/v2\/types\/post"}],"author":[{"embeddable":true,"href":"https:\/\/public.kantarpolska.com\/archiwumraportow\/wp-json\/wp\/v2\/users\/1"}],"replies":[{"embeddable":true,"href":"https:\/\/public.kantarpolska.com\/archiwumraportow\/wp-json\/wp\/v2\/comments?post=4896"}],"version-history":[{"count":0,"href":"https:\/\/public.kantarpolska.com\/archiwumraportow\/wp-json\/wp\/v2\/posts\/4896\/revisions"}],"wp:attachment":[{"href":"https:\/\/public.kantarpolska.com\/archiwumraportow\/wp-json\/wp\/v2\/media?parent=4896"}],"wp:term":[{"taxonomy":"category","embeddable":true,"href":"https:\/\/public.kantarpolska.com\/archiwumraportow\/wp-json\/wp\/v2\/categories?post=4896"},{"taxonomy":"post_tag","embeddable":true,"href":"https:\/\/public.kantarpolska.com\/archiwumraportow\/wp-json\/wp\/v2\/tags?post=4896"}],"curies":[{"name":"wp","href":"https:\/\/api.w.org\/{rel}","templated":true}]}}