
{"id":4895,"date":"2011-10-20T00:00:00","date_gmt":"2011-10-20T00:00:00","guid":{"rendered":"https:\/\/www.tnsglobal.pl\/archiwumraportow\/2011\/10\/20\/preferencyje-partyjne-polakow-w-pazdzierniku-2011-r\/"},"modified":"2011-10-20T00:00:00","modified_gmt":"2011-10-20T00:00:00","slug":"preferencyje-partyjne-polakow-w-pazdzierniku-2011-r","status":"publish","type":"post","link":"https:\/\/public.kantarpolska.com\/archiwumraportow\/2011\/10\/20\/preferencyje-partyjne-polakow-w-pazdzierniku-2011-r\/","title":{"rendered":"Preferencyje partyjne Polak\u00f3w w pa\u017adzierniku 2011 r."},"content":{"rendered":"<p>W dniach 13-16 pa\u017adziernika 2011r., tydzie\u0144 po wyborach do Sejmu i Senatu, TNS OBOPrnzbada\u0142 preferencje partyjne Polak\u00f3w. W badaniu tym, tak jak zazwyczaj, zadano pytanierno gotowo\u015b\u0107 Polak\u00f3w<!--more--> do wzi\u0119cia udzia\u0142u w wyborach. Osoby odpowiadaj\u0105ce pozytywnie, pytanernby\u0142y nast\u0119pnie, na jak\u0105 parti\u0119 by g\u0142osowa\u0142y. Uzyskane wyniki zosta\u0142y przedstawione zar\u00f3wnorndla og\u00f3\u0142u os\u00f3b deklaruj\u0105cych zamiar g\u0142osowania, jak i jedynie dla tych os\u00f3b, kt\u00f3re zg\u0142aszaj\u0105crnch\u0119\u0107 wzi\u0119cia udzia\u0142u w wyborach, mia\u0142y ju\u017c sprecyzowane preferencje partyjne.<\/p>\n<div class=\"infopay\">Raport udost\u0119pniany jest bezp\u0142atnie, w us\u0142udze &#8222;udost\u0119pnij aby pobra\u0107&#8221;.<br \/>\n          <b>Na czym to polega?<\/b> Raport b\u0119dzie dost\u0119pny do pobrania w pdf po udost\u0119pnieniu wpisu z linkiem do Archiwum Raport\u00f3w TNS Polska na wybranym serwisie spo\u0142eczno\u015bciowym: Facebooku lub Twitterze.\n          <\/div>\n","protected":false},"excerpt":{"rendered":"<p>W dniach 13-16 pa\u017adziernika 2011r., tydzie\u0144 po wyborach do Sejmu i Senatu, TNS OBOPrnzbada\u0142 preferencje partyjne Polak\u00f3w. W badaniu tym, tak jak zazwyczaj, zadano pytanierno gotowo\u015b\u0107 Polak\u00f3w<\/p>\n","protected":false},"author":1,"featured_media":0,"comment_status":"closed","ping_status":"closed","sticky":false,"template":"","format":"standard","meta":{"ngg_post_thumbnail":0},"categories":[1],"tags":[],"_links":{"self":[{"href":"https:\/\/public.kantarpolska.com\/archiwumraportow\/wp-json\/wp\/v2\/posts\/4895"}],"collection":[{"href":"https:\/\/public.kantarpolska.com\/archiwumraportow\/wp-json\/wp\/v2\/posts"}],"about":[{"href":"https:\/\/public.kantarpolska.com\/archiwumraportow\/wp-json\/wp\/v2\/types\/post"}],"author":[{"embeddable":true,"href":"https:\/\/public.kantarpolska.com\/archiwumraportow\/wp-json\/wp\/v2\/users\/1"}],"replies":[{"embeddable":true,"href":"https:\/\/public.kantarpolska.com\/archiwumraportow\/wp-json\/wp\/v2\/comments?post=4895"}],"version-history":[{"count":0,"href":"https:\/\/public.kantarpolska.com\/archiwumraportow\/wp-json\/wp\/v2\/posts\/4895\/revisions"}],"wp:attachment":[{"href":"https:\/\/public.kantarpolska.com\/archiwumraportow\/wp-json\/wp\/v2\/media?parent=4895"}],"wp:term":[{"taxonomy":"category","embeddable":true,"href":"https:\/\/public.kantarpolska.com\/archiwumraportow\/wp-json\/wp\/v2\/categories?post=4895"},{"taxonomy":"post_tag","embeddable":true,"href":"https:\/\/public.kantarpolska.com\/archiwumraportow\/wp-json\/wp\/v2\/tags?post=4895"}],"curies":[{"name":"wp","href":"https:\/\/api.w.org\/{rel}","templated":true}]}}