
{"id":4892,"date":"2011-09-21T00:00:00","date_gmt":"2011-09-21T00:00:00","guid":{"rendered":"https:\/\/www.tnsglobal.pl\/archiwumraportow\/2011\/09\/21\/polski-non-voter-czyli-kto-i-dlaczego-nie-idzie-glosowac\/"},"modified":"2011-09-21T00:00:00","modified_gmt":"2011-09-21T00:00:00","slug":"polski-non-voter-czyli-kto-i-dlaczego-nie-idzie-glosowac","status":"publish","type":"post","link":"https:\/\/public.kantarpolska.com\/archiwumraportow\/2011\/09\/21\/polski-non-voter-czyli-kto-i-dlaczego-nie-idzie-glosowac\/","title":{"rendered":"Polski non-voter, czyli kto i dlaczego nie idzie g\u0142osowa\u0107"},"content":{"rendered":"<p>W dn. 1-4.09.2011 r., nieco ponad miesi\u0105c przed wyborami, TNS OBOP zada\u0142 Polakom pytanie: &#8222;9 pa\u017adziernika odb\u0119d\u0105 si\u0119 wybory do Sejmu, czy we\u017amie Pan(i) w nich udzia\u0142?&#8221;. Odpowiedzi<!--more--> badanych to deklaracje, a do\u015bwiadczenia z poprzednich wybor\u00f3w pokazuj\u0105, \u017ce faktyczna frekwencja wyborcza jest ni\u017csza ni\u017c deklarowana. Szczeg\u00f3lnie odpowiedzi &#8222;raczej tak&#8221; (raczej wezm\u0119 udzia\u0142 w wyborach) maj\u0105 ma\u0142\u0105 warto\u015b\u0107 predyktywn\u0105 i cz\u0119sto s\u0105 tylko wyrazem sk\u0142onno\u015bci badanych do udzielania odpowiedzi spo\u0142ecznie poprawnych. Analitycy sonda\u017cy przedwyborczych zwykle zajmuj\u0105 si\u0119 osobami, kt\u00f3re zamierzaj\u0105 g\u0142osowa\u0107, a nie non-voters, tj. tymi, kt\u00f3rzy g\u0142osowa\u0107 nie zamierzaj\u0105. W tym komunikacie jest odwrotnie.<\/p>\n<div class=\"infopay\">Raport udost\u0119pniany jest bezp\u0142atnie, w us\u0142udze &#8222;udost\u0119pnij aby pobra\u0107&#8221;.<br \/>\n          <b>Na czym to polega?<\/b> Raport b\u0119dzie dost\u0119pny do pobrania w pdf po udost\u0119pnieniu wpisu z linkiem do Archiwum Raport\u00f3w TNS Polska na wybranym serwisie spo\u0142eczno\u015bciowym: Facebooku lub Twitterze.\n          <\/div>\n","protected":false},"excerpt":{"rendered":"<p>W dn. 1-4.09.2011 r., nieco ponad miesi\u0105c przed wyborami, TNS OBOP zada\u0142 Polakom pytanie: &#8222;9 pa\u017adziernika odb\u0119d\u0105 si\u0119 wybory do Sejmu, czy we\u017amie Pan(i) w nich udzia\u0142?&#8221;. Odpowiedzi<\/p>\n","protected":false},"author":1,"featured_media":0,"comment_status":"closed","ping_status":"closed","sticky":false,"template":"","format":"standard","meta":{"ngg_post_thumbnail":0},"categories":[1],"tags":[],"_links":{"self":[{"href":"https:\/\/public.kantarpolska.com\/archiwumraportow\/wp-json\/wp\/v2\/posts\/4892"}],"collection":[{"href":"https:\/\/public.kantarpolska.com\/archiwumraportow\/wp-json\/wp\/v2\/posts"}],"about":[{"href":"https:\/\/public.kantarpolska.com\/archiwumraportow\/wp-json\/wp\/v2\/types\/post"}],"author":[{"embeddable":true,"href":"https:\/\/public.kantarpolska.com\/archiwumraportow\/wp-json\/wp\/v2\/users\/1"}],"replies":[{"embeddable":true,"href":"https:\/\/public.kantarpolska.com\/archiwumraportow\/wp-json\/wp\/v2\/comments?post=4892"}],"version-history":[{"count":0,"href":"https:\/\/public.kantarpolska.com\/archiwumraportow\/wp-json\/wp\/v2\/posts\/4892\/revisions"}],"wp:attachment":[{"href":"https:\/\/public.kantarpolska.com\/archiwumraportow\/wp-json\/wp\/v2\/media?parent=4892"}],"wp:term":[{"taxonomy":"category","embeddable":true,"href":"https:\/\/public.kantarpolska.com\/archiwumraportow\/wp-json\/wp\/v2\/categories?post=4892"},{"taxonomy":"post_tag","embeddable":true,"href":"https:\/\/public.kantarpolska.com\/archiwumraportow\/wp-json\/wp\/v2\/tags?post=4892"}],"curies":[{"name":"wp","href":"https:\/\/api.w.org\/{rel}","templated":true}]}}