
{"id":489,"date":"2001-10-22T00:00:00","date_gmt":"2001-10-22T00:00:00","guid":{"rendered":"https:\/\/www.tnsglobal.pl\/archiwumraportow\/2001\/10\/22\/polacy-o-akcji-zbrojnej-w-afganistanie-i-terroryzmie\/"},"modified":"2016-06-07T09:53:04","modified_gmt":"2016-06-07T09:53:04","slug":"polacy-o-akcji-zbrojnej-w-afganistanie-i-terroryzmie","status":"publish","type":"post","link":"https:\/\/public.kantarpolska.com\/archiwumraportow\/2001\/10\/22\/polacy-o-akcji-zbrojnej-w-afganistanie-i-terroryzmie\/","title":{"rendered":"Polacy o akcji zbrojnej w Afganistanie i terroryzmie"},"content":{"rendered":"<p>7. pa\u017adziernika, po 26 dniach od ataku na World Trade Center i Pentagon, armie Stan\u00f3w Zjednoczonych i Wielkiej Brytanii rozpocz\u0119\u0142y na terenie Afganistanu akcj\u0119 zbrojn\u0105 skierowan\u0105 przeciwko<!--more--> organizacji Osamy bin Ladena \u2013 al Kaida oraz wspieraj\u0105cym j\u0105 Talibom. Dwa tygodnie po rozpocz\u0119ciu nalot\u00f3w, TNS OBOP przeprowadzi\u0142 badanie, w kt\u00f3rym zapytano Polak\u00f3w o opinie na tematy zwi\u0105zane z wrze\u015bniowymi zamachami terrorystycznymi oraz zaistnia\u0142\u0105 po nich sytuacj\u0105 mi\u0119dzynarodow\u0105. Termin realizacji badania zbieg\u0142 si\u0119 w czasie z przekazaniem informacji o pierwszej (oficjalnej) akcji l\u0105dowej ameryka\u0144skich jednostek specjalnych, przeprowadzon\u0105 w nocy z 19. na 20. pa\u017adziernika w okolicach Kandaharu.rnWyniki sonda\u017cu pozwalaj\u0105 pozna\u0107 opinie Polak\u00f3w na nast\u0119puj\u0105ce kwestie: jaki jest stopie\u0144 poparcia dla akcji zbrojnej w Afganistanie? Jak d\u0142ugo b\u0119dzie trwa\u0142 konflikt i kt\u00f3ra ze stron zwyci\u0119\u017cy? Czy obecna akcja zbrojna b\u0119dzie mia\u0142a charakter lokalny i ograniczy si\u0119 tylko do Afganistanu, czy te\u017c obejmie inne kraje \u2013 a je\u015bli tak, to jakie? Czy dzia\u0142ania zbrojne \u2013 takie, jak obecnie prowadzone &#8211; mog\u0105 zlikwidowa\u0107 zjawisko terroryzmu?<\/p>\n<div class=\"infopay\">Raport udost\u0119pniany jest bezp\u0142atnie, w us\u0142udze &#8222;udost\u0119pnij aby pobra\u0107&#8221;.<br \/>\n<b>Na czym to polega?<\/b> Raport b\u0119dzie dost\u0119pny do pobrania w pdf po udost\u0119pnieniu wpisu z linkiem do Archiwum Raport\u00f3w TNS Polska na wybranym serwisie spo\u0142eczno\u015bciowym: Facebooku lub Twitterze.<\/div>\n","protected":false},"excerpt":{"rendered":"<p>7. pa\u017adziernika, po 26 dniach od ataku na World Trade Center i Pentagon, armie Stan\u00f3w Zjednoczonych i Wielkiej Brytanii rozpocz\u0119\u0142y na terenie Afganistanu akcj\u0119 zbrojn\u0105 skierowan\u0105 przeciwko<\/p>\n","protected":false},"author":1,"featured_media":0,"comment_status":"closed","ping_status":"closed","sticky":false,"template":"","format":"standard","meta":{"ngg_post_thumbnail":0},"categories":[1],"tags":[145],"_links":{"self":[{"href":"https:\/\/public.kantarpolska.com\/archiwumraportow\/wp-json\/wp\/v2\/posts\/489"}],"collection":[{"href":"https:\/\/public.kantarpolska.com\/archiwumraportow\/wp-json\/wp\/v2\/posts"}],"about":[{"href":"https:\/\/public.kantarpolska.com\/archiwumraportow\/wp-json\/wp\/v2\/types\/post"}],"author":[{"embeddable":true,"href":"https:\/\/public.kantarpolska.com\/archiwumraportow\/wp-json\/wp\/v2\/users\/1"}],"replies":[{"embeddable":true,"href":"https:\/\/public.kantarpolska.com\/archiwumraportow\/wp-json\/wp\/v2\/comments?post=489"}],"version-history":[{"count":2,"href":"https:\/\/public.kantarpolska.com\/archiwumraportow\/wp-json\/wp\/v2\/posts\/489\/revisions"}],"predecessor-version":[{"id":6526,"href":"https:\/\/public.kantarpolska.com\/archiwumraportow\/wp-json\/wp\/v2\/posts\/489\/revisions\/6526"}],"wp:attachment":[{"href":"https:\/\/public.kantarpolska.com\/archiwumraportow\/wp-json\/wp\/v2\/media?parent=489"}],"wp:term":[{"taxonomy":"category","embeddable":true,"href":"https:\/\/public.kantarpolska.com\/archiwumraportow\/wp-json\/wp\/v2\/categories?post=489"},{"taxonomy":"post_tag","embeddable":true,"href":"https:\/\/public.kantarpolska.com\/archiwumraportow\/wp-json\/wp\/v2\/tags?post=489"}],"curies":[{"name":"wp","href":"https:\/\/api.w.org\/{rel}","templated":true}]}}