
{"id":4878,"date":"2011-06-21T00:00:00","date_gmt":"2011-06-21T00:00:00","guid":{"rendered":"https:\/\/www.tnsglobal.pl\/archiwumraportow\/2011\/06\/21\/po-zlotych-zniwach\/"},"modified":"2011-06-21T00:00:00","modified_gmt":"2011-06-21T00:00:00","slug":"po-zlotych-zniwach","status":"publish","type":"post","link":"https:\/\/public.kantarpolska.com\/archiwumraportow\/2011\/06\/21\/po-zlotych-zniwach\/","title":{"rendered":"Po z\u0142otych \u017cniwach"},"content":{"rendered":"<p>Na pocz\u0105tku 2011 r. w Polsce odby\u0142a si\u0119 debata wywo\u0142ana przez ksi\u0105\u017ck\u0119 Jana Tomasza Grossa &#8222;Z\u0142ote \u017cniwa&#8221; i dwie inne ksi\u0105\u017cki: Jana Grabowskiego &#8222;Judenjagd: polowanie na \u017byd\u00f3w 1942-1945&#8221;<!--more--> i Barbary Engelking &#8222;Jest taki pi\u0119kny, s\u0142oneczny dzie\u0144&#8221;. Ich autorzy ujawnili szerokiej publiczno\u015bci liczne fakty udzia\u0142u Polak\u00f3w w mordowaniu i rabowaniu \u017byd\u00f3w w czasie ostatniej wojny. Ksi\u0105\u017cki te zdecydowanie kwestionowa\u0142y dominuj\u0105ce w spo\u0142ecze\u0144stwie wyobra\u017cenia o Polakach jako &#8222;narodzie bohater\u00f3w i ofiar&#8221;. rnDebat\u0119 zdominowa\u0142a dyskusj\u0119 nad &#8222;Z\u0142otymi \u017cniwami&#8221;. Po cz\u0119\u015bci dlatego, \u017ce ksi\u0105\u017cka ta zosta\u0142a napisana w spos\u00f3b umy\u015blnie kategoryczny (mia\u0142a by\u0107 elementem edukacji wstrz\u0105sowej), jak i dlatego, \u017ce by\u0142a to ju\u017c trzecia, po &#8222;S\u0105siadach&#8221; (2000) i Strachu&#8221; (2007) ksi\u0105\u017cka Grossa o podobnym przes\u0142aniu. Z pewno\u015bci\u0105 dyskusja wok\u00f3\u0142 &#8222;Z\u0142otych \u017cniw&#8221; b\u0119dzie, tak samo jak debaty poprzednie, przedmiotem analiz akademickich i poka\u017c\u0105 one, \u017ce &#8222;podobne rodzi podobne&#8221; &#8211; tak\u017ce reakcje na ksi\u0105\u017cki Grossa odbywaj\u0105 si\u0119 wedle pewnego schematu, maj\u0105 charakter nieomal algorytmiczny. Analiza wyja\u015bni te\u017c zapewne, dlaczego tak silne bod\u017ace jak ksi\u0105\u017cki Grossa wywo\u0142uj\u0105 skutki mniejsze ni\u017c mo\u017cna by\u0142o oczekiwa\u0107, zwr\u00f3ci uwag\u0119 nie tylko na si\u0142\u0119 oporu przekona\u0144 spo\u0142ecznych, istotnych dla kolektywnej samooceny moralnej, ale tak\u017ce na pewne kontrproduktywne cechy samego &#8222;bod\u017aca&#8221;, konfrontacyjny charakter debaty i brak w dyskursie &#8222;pracy po\u015brednicz\u0105cej&#8221; (zob. Marek Czy\u017cewski, Studia Socjologiczne 2009 nr 3). Skromne badanie sonda\u017cowe niewiele pomo\u017ce w tych dociekaniach, daje ono jednak rzecz bezcenn\u0105 &#8211; pr\u00f3b\u0119 zmierzenia spo\u0142ecznego efektu debaty. Sonda\u017c ten TNS OBOP przeprowadzi\u0142 pro publico bono w dn. 6-9 maja 2011 r.<\/p>\n<div class=\"infopay\">Raport udost\u0119pniany jest bezp\u0142atnie, w us\u0142udze &#8222;udost\u0119pnij aby pobra\u0107&#8221;.<br \/>\n          <b>Na czym to polega?<\/b> Raport b\u0119dzie dost\u0119pny do pobrania w pdf po udost\u0119pnieniu wpisu z linkiem do Archiwum Raport\u00f3w TNS Polska na wybranym serwisie spo\u0142eczno\u015bciowym: Facebooku lub Twitterze.\n          <\/div>\n","protected":false},"excerpt":{"rendered":"<p>Na pocz\u0105tku 2011 r. w Polsce odby\u0142a si\u0119 debata wywo\u0142ana przez ksi\u0105\u017ck\u0119 Jana Tomasza Grossa &#8222;Z\u0142ote \u017cniwa&#8221; i dwie inne ksi\u0105\u017cki: Jana Grabowskiego &#8222;Judenjagd: polowanie na \u017byd\u00f3w 1942-1945&#8221;<\/p>\n","protected":false},"author":1,"featured_media":0,"comment_status":"closed","ping_status":"closed","sticky":false,"template":"","format":"standard","meta":{"ngg_post_thumbnail":0},"categories":[1],"tags":[],"_links":{"self":[{"href":"https:\/\/public.kantarpolska.com\/archiwumraportow\/wp-json\/wp\/v2\/posts\/4878"}],"collection":[{"href":"https:\/\/public.kantarpolska.com\/archiwumraportow\/wp-json\/wp\/v2\/posts"}],"about":[{"href":"https:\/\/public.kantarpolska.com\/archiwumraportow\/wp-json\/wp\/v2\/types\/post"}],"author":[{"embeddable":true,"href":"https:\/\/public.kantarpolska.com\/archiwumraportow\/wp-json\/wp\/v2\/users\/1"}],"replies":[{"embeddable":true,"href":"https:\/\/public.kantarpolska.com\/archiwumraportow\/wp-json\/wp\/v2\/comments?post=4878"}],"version-history":[{"count":0,"href":"https:\/\/public.kantarpolska.com\/archiwumraportow\/wp-json\/wp\/v2\/posts\/4878\/revisions"}],"wp:attachment":[{"href":"https:\/\/public.kantarpolska.com\/archiwumraportow\/wp-json\/wp\/v2\/media?parent=4878"}],"wp:term":[{"taxonomy":"category","embeddable":true,"href":"https:\/\/public.kantarpolska.com\/archiwumraportow\/wp-json\/wp\/v2\/categories?post=4878"},{"taxonomy":"post_tag","embeddable":true,"href":"https:\/\/public.kantarpolska.com\/archiwumraportow\/wp-json\/wp\/v2\/tags?post=4878"}],"curies":[{"name":"wp","href":"https:\/\/api.w.org\/{rel}","templated":true}]}}