
{"id":4876,"date":"2011-05-19T00:00:00","date_gmt":"2011-05-19T00:00:00","guid":{"rendered":"https:\/\/www.tnsglobal.pl\/archiwumraportow\/2011\/05\/19\/dwie-uroczystosci-majowe\/"},"modified":"2011-05-19T00:00:00","modified_gmt":"2011-05-19T00:00:00","slug":"dwie-uroczystosci-majowe","status":"publish","type":"post","link":"https:\/\/public.kantarpolska.com\/archiwumraportow\/2011\/05\/19\/dwie-uroczystosci-majowe\/","title":{"rendered":"Dwie uroczysto\u015bci majowe"},"content":{"rendered":"<p>Pocz\u0105tek maja jest dzi\u015b w Polsce okresem st\u0119\u017conej ekspresji uczu\u0107 narodowych: 3 Maja jest tradycyjnym, a niedawno przywr\u00f3conym \u015awi\u0119tem Konstytucji, a 2 maja od niedawna lansowanym Dniem Flagi,<!--more--> kt\u00f3ry mia\u0142by wype\u0142ni\u0107 niezagospodarowan\u0105 symbolicznie przestrze\u0144 mi\u0119dzy 1-Majowym \u015awi\u0119tem Pracy a Trzecim Majem. Tego roku 1 maja w Watykanie odby\u0142y si\u0119 uroczysto\u015bci beatyfikacji Jana Paw\u0142a II. Wszystko to zdarzy\u0142o si\u0119 w okresie &#8222;wielkiej maj\u00f3wki&#8221;, coraz cz\u0119\u015bciej wykorzystywanej w Polsce na rekreacj\u0119, po\u0142\u0105czon\u0105 z kr\u00f3tki wyjazdem z miejsca zamieszkania, zw\u0142aszcza je\u015bli jest nim du\u017ce miasto. rnW sonda\u017cu zrealizowanym w dniach 6-10.05.2011 r. TNS OBOP zbada\u0142, jak Polacy obchodzili beatyfikacj\u0119 i jak w tym roku obchodzili 3 Maja &#8211; to drugie badanie mo\u017cna by\u0142o por\u00f3wna\u0107 z badaniem z 2002  r.<\/p>\n<div class=\"infopay\">Raport udost\u0119pniany jest bezp\u0142atnie, w us\u0142udze &#8222;udost\u0119pnij aby pobra\u0107&#8221;.<br \/>\n          <b>Na czym to polega?<\/b> Raport b\u0119dzie dost\u0119pny do pobrania w pdf po udost\u0119pnieniu wpisu z linkiem do Archiwum Raport\u00f3w TNS Polska na wybranym serwisie spo\u0142eczno\u015bciowym: Facebooku lub Twitterze.\n          <\/div>\n","protected":false},"excerpt":{"rendered":"<p>Pocz\u0105tek maja jest dzi\u015b w Polsce okresem st\u0119\u017conej ekspresji uczu\u0107 narodowych: 3 Maja jest tradycyjnym, a niedawno przywr\u00f3conym \u015awi\u0119tem Konstytucji, a 2 maja od niedawna lansowanym Dniem Flagi,<\/p>\n","protected":false},"author":1,"featured_media":0,"comment_status":"closed","ping_status":"closed","sticky":false,"template":"","format":"standard","meta":{"ngg_post_thumbnail":0},"categories":[1],"tags":[],"_links":{"self":[{"href":"https:\/\/public.kantarpolska.com\/archiwumraportow\/wp-json\/wp\/v2\/posts\/4876"}],"collection":[{"href":"https:\/\/public.kantarpolska.com\/archiwumraportow\/wp-json\/wp\/v2\/posts"}],"about":[{"href":"https:\/\/public.kantarpolska.com\/archiwumraportow\/wp-json\/wp\/v2\/types\/post"}],"author":[{"embeddable":true,"href":"https:\/\/public.kantarpolska.com\/archiwumraportow\/wp-json\/wp\/v2\/users\/1"}],"replies":[{"embeddable":true,"href":"https:\/\/public.kantarpolska.com\/archiwumraportow\/wp-json\/wp\/v2\/comments?post=4876"}],"version-history":[{"count":0,"href":"https:\/\/public.kantarpolska.com\/archiwumraportow\/wp-json\/wp\/v2\/posts\/4876\/revisions"}],"wp:attachment":[{"href":"https:\/\/public.kantarpolska.com\/archiwumraportow\/wp-json\/wp\/v2\/media?parent=4876"}],"wp:term":[{"taxonomy":"category","embeddable":true,"href":"https:\/\/public.kantarpolska.com\/archiwumraportow\/wp-json\/wp\/v2\/categories?post=4876"},{"taxonomy":"post_tag","embeddable":true,"href":"https:\/\/public.kantarpolska.com\/archiwumraportow\/wp-json\/wp\/v2\/tags?post=4876"}],"curies":[{"name":"wp","href":"https:\/\/api.w.org\/{rel}","templated":true}]}}