
{"id":4874,"date":"2011-03-29T00:00:00","date_gmt":"2011-03-29T00:00:00","guid":{"rendered":"https:\/\/www.tnsglobal.pl\/archiwumraportow\/2011\/03\/29\/wiara-w-cuda\/"},"modified":"2011-03-29T00:00:00","modified_gmt":"2011-03-29T00:00:00","slug":"wiara-w-cuda","status":"publish","type":"post","link":"https:\/\/public.kantarpolska.com\/archiwumraportow\/2011\/03\/29\/wiara-w-cuda\/","title":{"rendered":"Wiara w cuda"},"content":{"rendered":"<p>Problem cud\u00f3w co jaki\u015b czas pojawia si\u0119 w przestrzeni komunikacyjnej. Niedawno sprawa cudownego uzdrowienia francuskiej zakonnicy by\u0142a dyskutowana przy okazji beatyfikacji papie\u017ca Jana Paw\u0142a II, a kilka tygodni<!--more--> temu kardyna\u0142 Stanis\u0142aw Dziwisz przekaza\u0142 &#8211; w intencji uzdrowienia &#8211; kropl\u0119 krwi Jana Paw\u0142a II ci\u0119\u017cko rannemu kierowcy rajdowemu Robertowi Kubicy. W marcu 2011 r. TNS OBOP zada\u0142 Polakom kilka pyta\u0144 dotycz\u0105cych cud\u00f3w. Raport zawiera wyniki tego badania.<\/p>\n<div class=\"infopay\">Raport udost\u0119pniany jest bezp\u0142atnie, w us\u0142udze &#8222;udost\u0119pnij aby pobra\u0107&#8221;.<br \/>\n          <b>Na czym to polega?<\/b> Raport b\u0119dzie dost\u0119pny do pobrania w pdf po udost\u0119pnieniu wpisu z linkiem do Archiwum Raport\u00f3w TNS Polska na wybranym serwisie spo\u0142eczno\u015bciowym: Facebooku lub Twitterze.\n          <\/div>\n","protected":false},"excerpt":{"rendered":"<p>Problem cud\u00f3w co jaki\u015b czas pojawia si\u0119 w przestrzeni komunikacyjnej. Niedawno sprawa cudownego uzdrowienia francuskiej zakonnicy by\u0142a dyskutowana przy okazji beatyfikacji papie\u017ca Jana Paw\u0142a II, a kilka tygodni<\/p>\n","protected":false},"author":1,"featured_media":0,"comment_status":"closed","ping_status":"closed","sticky":false,"template":"","format":"standard","meta":{"ngg_post_thumbnail":0},"categories":[1],"tags":[],"_links":{"self":[{"href":"https:\/\/public.kantarpolska.com\/archiwumraportow\/wp-json\/wp\/v2\/posts\/4874"}],"collection":[{"href":"https:\/\/public.kantarpolska.com\/archiwumraportow\/wp-json\/wp\/v2\/posts"}],"about":[{"href":"https:\/\/public.kantarpolska.com\/archiwumraportow\/wp-json\/wp\/v2\/types\/post"}],"author":[{"embeddable":true,"href":"https:\/\/public.kantarpolska.com\/archiwumraportow\/wp-json\/wp\/v2\/users\/1"}],"replies":[{"embeddable":true,"href":"https:\/\/public.kantarpolska.com\/archiwumraportow\/wp-json\/wp\/v2\/comments?post=4874"}],"version-history":[{"count":1,"href":"https:\/\/public.kantarpolska.com\/archiwumraportow\/wp-json\/wp\/v2\/posts\/4874\/revisions"}],"predecessor-version":[{"id":5752,"href":"https:\/\/public.kantarpolska.com\/archiwumraportow\/wp-json\/wp\/v2\/posts\/4874\/revisions\/5752"}],"wp:attachment":[{"href":"https:\/\/public.kantarpolska.com\/archiwumraportow\/wp-json\/wp\/v2\/media?parent=4874"}],"wp:term":[{"taxonomy":"category","embeddable":true,"href":"https:\/\/public.kantarpolska.com\/archiwumraportow\/wp-json\/wp\/v2\/categories?post=4874"},{"taxonomy":"post_tag","embeddable":true,"href":"https:\/\/public.kantarpolska.com\/archiwumraportow\/wp-json\/wp\/v2\/tags?post=4874"}],"curies":[{"name":"wp","href":"https:\/\/api.w.org\/{rel}","templated":true}]}}