
{"id":4873,"date":"2011-03-04T00:00:00","date_gmt":"2011-03-04T00:00:00","guid":{"rendered":"https:\/\/www.tnsglobal.pl\/archiwumraportow\/2011\/03\/04\/polska-u-steru-ue\/"},"modified":"2011-03-04T00:00:00","modified_gmt":"2011-03-04T00:00:00","slug":"polska-u-steru-ue","status":"publish","type":"post","link":"https:\/\/public.kantarpolska.com\/archiwumraportow\/2011\/03\/04\/polska-u-steru-ue\/","title":{"rendered":"Polska u steru UE"},"content":{"rendered":"<p>Za par\u0119 miesi\u0119cy, 1 lipca 2011 r. Polska obejmie, po W\u0119grzech, prezydencj\u0119 w Unii Europejskiej, &#8222;Za pi\u0119\u0107 miesi\u0119cy Polska przejmie stery Unii. Stanie te\u017c przed z\u0142o\u017conym wyzwaniem: we\u017amie odpowiedzialno\u015b\u0107<!--more--> za bie\u017c\u0105ce dzia\u0142ania Unii oraz stanie przed konieczno\u015bci\u0105 nadania jej nowego impetu o charakterze strukturalnym. B\u0119dzie to trudna prezydencja &#8211; bie\u017c\u0105cy rok jest wszak pe\u0142en wyzwa\u0144 dla buduj\u0105cej si\u0119 na nowo Unii.&#8221; &#8211; pisa\u0142a w &#8222;Rzeczpospolitej&#8221; Danuta H\u00fcbner, kt\u00f3ra by\u0142a pierwszym polskim komisarzem w UE (21.02.2011). W sonda\u017cu z 3-6.02.2011 TNS OBOP zbada\u0142 najbardziej elementarn\u0105 wiedz\u0119 i opini\u0119 Polak\u00f3w o polskiej prezydencji w UE.<\/p>\n<div class=\"infopay\">Raport udost\u0119pniany jest bezp\u0142atnie, w us\u0142udze &#8222;udost\u0119pnij aby pobra\u0107&#8221;.<br \/>\n          <b>Na czym to polega?<\/b> Raport b\u0119dzie dost\u0119pny do pobrania w pdf po udost\u0119pnieniu wpisu z linkiem do Archiwum Raport\u00f3w TNS Polska na wybranym serwisie spo\u0142eczno\u015bciowym: Facebooku lub Twitterze.\n          <\/div>\n","protected":false},"excerpt":{"rendered":"<p>Za par\u0119 miesi\u0119cy, 1 lipca 2011 r. Polska obejmie, po W\u0119grzech, prezydencj\u0119 w Unii Europejskiej, &#8222;Za pi\u0119\u0107 miesi\u0119cy Polska przejmie stery Unii. Stanie te\u017c przed z\u0142o\u017conym wyzwaniem: we\u017amie odpowiedzialno\u015b\u0107<\/p>\n","protected":false},"author":1,"featured_media":0,"comment_status":"closed","ping_status":"closed","sticky":false,"template":"","format":"standard","meta":{"ngg_post_thumbnail":0},"categories":[1],"tags":[],"_links":{"self":[{"href":"https:\/\/public.kantarpolska.com\/archiwumraportow\/wp-json\/wp\/v2\/posts\/4873"}],"collection":[{"href":"https:\/\/public.kantarpolska.com\/archiwumraportow\/wp-json\/wp\/v2\/posts"}],"about":[{"href":"https:\/\/public.kantarpolska.com\/archiwumraportow\/wp-json\/wp\/v2\/types\/post"}],"author":[{"embeddable":true,"href":"https:\/\/public.kantarpolska.com\/archiwumraportow\/wp-json\/wp\/v2\/users\/1"}],"replies":[{"embeddable":true,"href":"https:\/\/public.kantarpolska.com\/archiwumraportow\/wp-json\/wp\/v2\/comments?post=4873"}],"version-history":[{"count":0,"href":"https:\/\/public.kantarpolska.com\/archiwumraportow\/wp-json\/wp\/v2\/posts\/4873\/revisions"}],"wp:attachment":[{"href":"https:\/\/public.kantarpolska.com\/archiwumraportow\/wp-json\/wp\/v2\/media?parent=4873"}],"wp:term":[{"taxonomy":"category","embeddable":true,"href":"https:\/\/public.kantarpolska.com\/archiwumraportow\/wp-json\/wp\/v2\/categories?post=4873"},{"taxonomy":"post_tag","embeddable":true,"href":"https:\/\/public.kantarpolska.com\/archiwumraportow\/wp-json\/wp\/v2\/tags?post=4873"}],"curies":[{"name":"wp","href":"https:\/\/api.w.org\/{rel}","templated":true}]}}