
{"id":4871,"date":"2011-02-16T00:00:00","date_gmt":"2011-02-16T00:00:00","guid":{"rendered":"https:\/\/www.tnsglobal.pl\/archiwumraportow\/2011\/02\/16\/nastroje-spoleczne-polakow-w-lutym-2011-roku\/"},"modified":"2011-02-16T00:00:00","modified_gmt":"2011-02-16T00:00:00","slug":"nastroje-spoleczne-polakow-w-lutym-2011-roku","status":"publish","type":"post","link":"https:\/\/public.kantarpolska.com\/archiwumraportow\/2011\/02\/16\/nastroje-spoleczne-polakow-w-lutym-2011-roku\/","title":{"rendered":"Nastroje spo\u0142eczne Polak\u00f3w w lutym 2011 roku"},"content":{"rendered":"<p>W najnowszym komunikacie &#8222;Nastroje spo\u0142eczne&#8221; przedstawione s\u0105 wyniki sonda\u017cu przeprowadzonego przez TNS OBOP na pocz\u0105tku lutego br. W badaniu tym respondenci proszeni byli o opinie dotycz\u0105ce kierunku<!--more--> zmian zachodz\u0105cych w Polsce, stanu gospodarczego kraju oraz prognozy materialnych warunk\u00f3w \u017cycia ludzi w ci\u0105gu najbli\u017cszych 3 lat. W raporcie zaprezentowano wyniki najnowszego sonda\u017cu i zestawiono je z danymi otrzymanymi w poprzednich badaniach, pocz\u0105wszy od grudnia 2009 r.<\/p>\n<div class=\"infopay\">Raport udost\u0119pniany jest bezp\u0142atnie, w us\u0142udze &#8222;udost\u0119pnij aby pobra\u0107&#8221;.<br \/>\n          <b>Na czym to polega?<\/b> Raport b\u0119dzie dost\u0119pny do pobrania w pdf po udost\u0119pnieniu wpisu z linkiem do Archiwum Raport\u00f3w TNS Polska na wybranym serwisie spo\u0142eczno\u015bciowym: Facebooku lub Twitterze.\n          <\/div>\n","protected":false},"excerpt":{"rendered":"<p>W najnowszym komunikacie &#8222;Nastroje spo\u0142eczne&#8221; przedstawione s\u0105 wyniki sonda\u017cu przeprowadzonego przez TNS OBOP na pocz\u0105tku lutego br. W badaniu tym respondenci proszeni byli o opinie dotycz\u0105ce kierunku<\/p>\n","protected":false},"author":1,"featured_media":0,"comment_status":"closed","ping_status":"closed","sticky":false,"template":"","format":"standard","meta":{"ngg_post_thumbnail":0},"categories":[1],"tags":[],"_links":{"self":[{"href":"https:\/\/public.kantarpolska.com\/archiwumraportow\/wp-json\/wp\/v2\/posts\/4871"}],"collection":[{"href":"https:\/\/public.kantarpolska.com\/archiwumraportow\/wp-json\/wp\/v2\/posts"}],"about":[{"href":"https:\/\/public.kantarpolska.com\/archiwumraportow\/wp-json\/wp\/v2\/types\/post"}],"author":[{"embeddable":true,"href":"https:\/\/public.kantarpolska.com\/archiwumraportow\/wp-json\/wp\/v2\/users\/1"}],"replies":[{"embeddable":true,"href":"https:\/\/public.kantarpolska.com\/archiwumraportow\/wp-json\/wp\/v2\/comments?post=4871"}],"version-history":[{"count":0,"href":"https:\/\/public.kantarpolska.com\/archiwumraportow\/wp-json\/wp\/v2\/posts\/4871\/revisions"}],"wp:attachment":[{"href":"https:\/\/public.kantarpolska.com\/archiwumraportow\/wp-json\/wp\/v2\/media?parent=4871"}],"wp:term":[{"taxonomy":"category","embeddable":true,"href":"https:\/\/public.kantarpolska.com\/archiwumraportow\/wp-json\/wp\/v2\/categories?post=4871"},{"taxonomy":"post_tag","embeddable":true,"href":"https:\/\/public.kantarpolska.com\/archiwumraportow\/wp-json\/wp\/v2\/tags?post=4871"}],"curies":[{"name":"wp","href":"https:\/\/api.w.org\/{rel}","templated":true}]}}