
{"id":487,"date":"2001-10-02T00:00:00","date_gmt":"2001-10-02T00:00:00","guid":{"rendered":"https:\/\/www.tnsglobal.pl\/archiwumraportow\/2001\/10\/02\/zaufanie-do-zwiazkow-zawodowych\/"},"modified":"2001-10-02T00:00:00","modified_gmt":"2001-10-02T00:00:00","slug":"zaufanie-do-zwiazkow-zawodowych","status":"publish","type":"post","link":"https:\/\/public.kantarpolska.com\/archiwumraportow\/2001\/10\/02\/zaufanie-do-zwiazkow-zawodowych\/","title":{"rendered":"Zaufanie do zwi\u0105zk\u00f3w zawodowych"},"content":{"rendered":"<p>Uchwalona w tym roku ordynacja wyborcza do Sejmu nie dopuszcza mo\u017cliwo\u015bci startu zwi\u0105zk\u00f3w zawodowych w wyborach. Nie zabrania jednak kandydowania ich dzia\u0142aczom. Z tej mo\u017cliwo\u015bci skorzystali przedstawiciele kilku organizacji<!--more--> zwi\u0105zkowych, kt\u00f3rych kandydatury zosta\u0142y umieszczone na listach komitet\u00f3w wyborczych (pomijaj\u0105c specyficzn\u0105 sytuacj\u0119 Samoobrony, tak\u017ce koalicji SLD-UP, AWSP, PSL, Alternatywy Ruch Spo\u0142eczny). Obecno\u015b\u0107 dzia\u0142aczy zwi\u0105zkowych na listach wyborczych nie zawsze by\u0142a efektem \u015bwiadomego i celowego dzia\u0142ania w\u0142adz organizacji, kt\u00f3re przekazywa\u0142y swoje poparcie poszczeg\u00f3lnym komitetom wprost lub w spos\u00f3b mniej oficjalny, ale te\u017c samodzielnych wybor\u00f3w poszczeg\u00f3lnych zwi\u0105zkowc\u00f3w (jak np. w przypadku Zygmunta Wrzodaka i Ligi Polskich Rodzin). Wkr\u00f3tce po wyborach parlamentarnych postanowili\u015bmy zapyta\u0107 Polak\u00f3w, jaki jest ich stosunek do czterech najwi\u0119kszych organizacji zwi\u0105zkowych (czy im ufaj\u0105, czy te\u017c nie), kt\u00f3rych dzia\u0142acze uczestniczyli w tegorocznej kampanii wyborczej.<\/p>\n<div class=\"infopay\">Raport udost\u0119pniany jest bezp\u0142atnie, w us\u0142udze &#8222;udost\u0119pnij aby pobra\u0107&#8221;.<br \/>\n          <b>Na czym to polega?<\/b> Raport b\u0119dzie dost\u0119pny do pobrania w pdf po udost\u0119pnieniu wpisu z linkiem do Archiwum Raport\u00f3w TNS Polska na wybranym serwisie spo\u0142eczno\u015bciowym: Facebooku lub Twitterze.\n          <\/div>\n","protected":false},"excerpt":{"rendered":"<p>Uchwalona w tym roku ordynacja wyborcza do Sejmu nie dopuszcza mo\u017cliwo\u015bci startu zwi\u0105zk\u00f3w zawodowych w wyborach. Nie zabrania jednak kandydowania ich dzia\u0142aczom. Z tej mo\u017cliwo\u015bci skorzystali przedstawiciele kilku organizacji<\/p>\n","protected":false},"author":1,"featured_media":0,"comment_status":"closed","ping_status":"closed","sticky":false,"template":"","format":"standard","meta":{"ngg_post_thumbnail":0},"categories":[1],"tags":[],"_links":{"self":[{"href":"https:\/\/public.kantarpolska.com\/archiwumraportow\/wp-json\/wp\/v2\/posts\/487"}],"collection":[{"href":"https:\/\/public.kantarpolska.com\/archiwumraportow\/wp-json\/wp\/v2\/posts"}],"about":[{"href":"https:\/\/public.kantarpolska.com\/archiwumraportow\/wp-json\/wp\/v2\/types\/post"}],"author":[{"embeddable":true,"href":"https:\/\/public.kantarpolska.com\/archiwumraportow\/wp-json\/wp\/v2\/users\/1"}],"replies":[{"embeddable":true,"href":"https:\/\/public.kantarpolska.com\/archiwumraportow\/wp-json\/wp\/v2\/comments?post=487"}],"version-history":[{"count":0,"href":"https:\/\/public.kantarpolska.com\/archiwumraportow\/wp-json\/wp\/v2\/posts\/487\/revisions"}],"wp:attachment":[{"href":"https:\/\/public.kantarpolska.com\/archiwumraportow\/wp-json\/wp\/v2\/media?parent=487"}],"wp:term":[{"taxonomy":"category","embeddable":true,"href":"https:\/\/public.kantarpolska.com\/archiwumraportow\/wp-json\/wp\/v2\/categories?post=487"},{"taxonomy":"post_tag","embeddable":true,"href":"https:\/\/public.kantarpolska.com\/archiwumraportow\/wp-json\/wp\/v2\/tags?post=487"}],"curies":[{"name":"wp","href":"https:\/\/api.w.org\/{rel}","templated":true}]}}