
{"id":486,"date":"2001-09-11T00:00:00","date_gmt":"2001-09-11T00:00:00","guid":{"rendered":"https:\/\/www.tnsglobal.pl\/archiwumraportow\/2001\/09\/11\/co-dalej-z-reformami-spolecznymi\/"},"modified":"2001-09-11T00:00:00","modified_gmt":"2001-09-11T00:00:00","slug":"co-dalej-z-reformami-spolecznymi","status":"publish","type":"post","link":"https:\/\/public.kantarpolska.com\/archiwumraportow\/2001\/09\/11\/co-dalej-z-reformami-spolecznymi\/","title":{"rendered":"Co dalej z reformami spo\u0142ecznymi"},"content":{"rendered":"<p>W pierwszej po\u0142owie wrze\u015bnia, na dwa tygodnie przed wyborami, TNS OBOP przeprowadzi\u0142 sonda\u017c dotycz\u0105cy oceny wprowadzonych przez rz\u0105d Jerzego Buzka reform spo\u0142ecznych. Pytani Polacy zostali poproszeni<!--more--> o ocen\u0119 reform z perspektywy dwudziestu lat &#8211; jak wypowiedz\u0105 si\u0119 o nich historycy. Drugie pytanie dotyczy\u0142o preferencji Polak\u00f3w zwi\u0105zanych z dalszymi losami reform &#8211; co powinien zrobi\u0107 z nimi rz\u0105d, kt\u00f3ry powstanie po wyborach: doko\u0144czy\u0107, wprowadzi\u0107 istotne zmiany lub zupe\u0142nie nowe reformy, czy mo\u017ce powr\u00f3ci\u0107 do sytuacji sprzed reform. Badanie przeprowadzono w trakcie kampanii wyborczej, kiedy politycy sk\u0142adali deklaracje o planowanych przez siebie dzia\u0142aniach zmierzaj\u0105cych do poprawy sytuacji w r\u00f3\u017cnych dziedzinach \u017cycia spo\u0142ecznego i gospodarczego, m.in. politycy SLD zapowiadali, \u017ce w 2002 roku egzamin maturalny odb\u0119dzie si\u0119 jeszcze na starych zasadach.<\/p>\n<div class=\"infopay\">Raport udost\u0119pniany jest bezp\u0142atnie, w us\u0142udze &#8222;udost\u0119pnij aby pobra\u0107&#8221;.<br \/>\n          <b>Na czym to polega?<\/b> Raport b\u0119dzie dost\u0119pny do pobrania w pdf po udost\u0119pnieniu wpisu z linkiem do Archiwum Raport\u00f3w TNS Polska na wybranym serwisie spo\u0142eczno\u015bciowym: Facebooku lub Twitterze.\n          <\/div>\n","protected":false},"excerpt":{"rendered":"<p>W pierwszej po\u0142owie wrze\u015bnia, na dwa tygodnie przed wyborami, TNS OBOP przeprowadzi\u0142 sonda\u017c dotycz\u0105cy oceny wprowadzonych przez rz\u0105d Jerzego Buzka reform spo\u0142ecznych. Pytani Polacy zostali poproszeni<\/p>\n","protected":false},"author":1,"featured_media":0,"comment_status":"closed","ping_status":"closed","sticky":false,"template":"","format":"standard","meta":{"ngg_post_thumbnail":0},"categories":[1],"tags":[],"_links":{"self":[{"href":"https:\/\/public.kantarpolska.com\/archiwumraportow\/wp-json\/wp\/v2\/posts\/486"}],"collection":[{"href":"https:\/\/public.kantarpolska.com\/archiwumraportow\/wp-json\/wp\/v2\/posts"}],"about":[{"href":"https:\/\/public.kantarpolska.com\/archiwumraportow\/wp-json\/wp\/v2\/types\/post"}],"author":[{"embeddable":true,"href":"https:\/\/public.kantarpolska.com\/archiwumraportow\/wp-json\/wp\/v2\/users\/1"}],"replies":[{"embeddable":true,"href":"https:\/\/public.kantarpolska.com\/archiwumraportow\/wp-json\/wp\/v2\/comments?post=486"}],"version-history":[{"count":0,"href":"https:\/\/public.kantarpolska.com\/archiwumraportow\/wp-json\/wp\/v2\/posts\/486\/revisions"}],"wp:attachment":[{"href":"https:\/\/public.kantarpolska.com\/archiwumraportow\/wp-json\/wp\/v2\/media?parent=486"}],"wp:term":[{"taxonomy":"category","embeddable":true,"href":"https:\/\/public.kantarpolska.com\/archiwumraportow\/wp-json\/wp\/v2\/categories?post=486"},{"taxonomy":"post_tag","embeddable":true,"href":"https:\/\/public.kantarpolska.com\/archiwumraportow\/wp-json\/wp\/v2\/tags?post=486"}],"curies":[{"name":"wp","href":"https:\/\/api.w.org\/{rel}","templated":true}]}}