
{"id":484,"date":"2001-10-02T00:00:00","date_gmt":"2001-10-02T00:00:00","guid":{"rendered":"https:\/\/www.tnsglobal.pl\/archiwumraportow\/2001\/10\/02\/motywy-decyzji-wyborczych-polakow-w-wyborach-parlamentarnych\/"},"modified":"2001-10-02T00:00:00","modified_gmt":"2001-10-02T00:00:00","slug":"motywy-decyzji-wyborczych-polakow-w-wyborach-parlamentarnych","status":"publish","type":"post","link":"https:\/\/public.kantarpolska.com\/archiwumraportow\/2001\/10\/02\/motywy-decyzji-wyborczych-polakow-w-wyborach-parlamentarnych\/","title":{"rendered":"Motywy decyzji wyborczych Polak\u00f3w w wyborach parlamentarnych"},"content":{"rendered":"<p>Frekwencja w tegorocznych wyborach by\u0142a bardzo zbli\u017cona do frekwencji z poprzednich wybor\u00f3w parlamentarnych, wyniki &#8211; diametralnie inne. Rz\u0105dz\u0105ce w minionej ju\u017c kadencji AWSP i UW nie wesz\u0142y<!--more--> do parlamentu. Ponad dwie pi\u0105te g\u0142os\u00f3w uzyska\u0142a pozostaj\u0105ca w opozycji koalicja SLD-UP; ponadto w parlamencie znalaz\u0142y si\u0119 trzy zupe\u0142nie nowe na polskiej scenie politycznej partie (powo\u0142ane zaledwie kilka miesi\u0119cy przed wyborami) oraz radykalna Samoobrona.rnJakie przyczyny le\u017ca\u0142y u podstaw takich w\u0142a\u015bnie a nie innych decyzji polskich wyborc\u00f3w w tym roku? Jakie motywy przy wybieraniu partii przypisujemy innym? Jakie elementy program\u00f3w by\u0142y przez g\u0142osuj\u0105cych najlepiej zapami\u0119tywane i uznane za najwa\u017cniejsze w programie ich ugrupowania? Poza tym, kiedy tak naprawd\u0119 zapada\u0142y ostateczne decyzje w\u015br\u00f3d wyborc\u00f3w, kogo poprze\u0107? Czy w zwi\u0105zku z tym, sonda\u017ce przedwyborcze s\u0105 w stanie trafnie przewidzie\u0107 wynik wybor\u00f3w, czy tylko s\u0105 \u015bwiadectwem chwili, w kt\u00f3rej wykonywane jest badanie&#8230; Na te i inne pytania pr\u00f3bujemy znale\u017a\u0107 odpowiedzi w niniejszym komunikacie.<\/p>\n<div class=\"infopay\">Raport udost\u0119pniany jest bezp\u0142atnie, w us\u0142udze &#8222;udost\u0119pnij aby pobra\u0107&#8221;.<br \/>\n          <b>Na czym to polega?<\/b> Raport b\u0119dzie dost\u0119pny do pobrania w pdf po udost\u0119pnieniu wpisu z linkiem do Archiwum Raport\u00f3w TNS Polska na wybranym serwisie spo\u0142eczno\u015bciowym: Facebooku lub Twitterze.\n          <\/div>\n","protected":false},"excerpt":{"rendered":"<p>Frekwencja w tegorocznych wyborach by\u0142a bardzo zbli\u017cona do frekwencji z poprzednich wybor\u00f3w parlamentarnych, wyniki &#8211; diametralnie inne. Rz\u0105dz\u0105ce w minionej ju\u017c kadencji AWSP i UW nie wesz\u0142y<\/p>\n","protected":false},"author":1,"featured_media":0,"comment_status":"closed","ping_status":"closed","sticky":false,"template":"","format":"standard","meta":{"ngg_post_thumbnail":0},"categories":[1],"tags":[],"_links":{"self":[{"href":"https:\/\/public.kantarpolska.com\/archiwumraportow\/wp-json\/wp\/v2\/posts\/484"}],"collection":[{"href":"https:\/\/public.kantarpolska.com\/archiwumraportow\/wp-json\/wp\/v2\/posts"}],"about":[{"href":"https:\/\/public.kantarpolska.com\/archiwumraportow\/wp-json\/wp\/v2\/types\/post"}],"author":[{"embeddable":true,"href":"https:\/\/public.kantarpolska.com\/archiwumraportow\/wp-json\/wp\/v2\/users\/1"}],"replies":[{"embeddable":true,"href":"https:\/\/public.kantarpolska.com\/archiwumraportow\/wp-json\/wp\/v2\/comments?post=484"}],"version-history":[{"count":0,"href":"https:\/\/public.kantarpolska.com\/archiwumraportow\/wp-json\/wp\/v2\/posts\/484\/revisions"}],"wp:attachment":[{"href":"https:\/\/public.kantarpolska.com\/archiwumraportow\/wp-json\/wp\/v2\/media?parent=484"}],"wp:term":[{"taxonomy":"category","embeddable":true,"href":"https:\/\/public.kantarpolska.com\/archiwumraportow\/wp-json\/wp\/v2\/categories?post=484"},{"taxonomy":"post_tag","embeddable":true,"href":"https:\/\/public.kantarpolska.com\/archiwumraportow\/wp-json\/wp\/v2\/tags?post=484"}],"curies":[{"name":"wp","href":"https:\/\/api.w.org\/{rel}","templated":true}]}}