
{"id":4835,"date":"2010-08-25T00:00:00","date_gmt":"2010-08-25T00:00:00","guid":{"rendered":"https:\/\/www.tnsglobal.pl\/archiwumraportow\/2010\/08\/25\/preferencje-partyjne-polakow-w-sierpniu-2010\/"},"modified":"2010-08-25T00:00:00","modified_gmt":"2010-08-25T00:00:00","slug":"preferencje-partyjne-polakow-w-sierpniu-2010","status":"publish","type":"post","link":"https:\/\/public.kantarpolska.com\/archiwumraportow\/2010\/08\/25\/preferencje-partyjne-polakow-w-sierpniu-2010\/","title":{"rendered":"Preferencje partyjne Polak\u00f3w w sierpniu 2010"},"content":{"rendered":"<p>Mi\u0119dzy 5 a 8 sierpnia TNS OBOP przeprowadzi\u0142 cykliczny pomiar preferencji partyjnych. W badaniu tym zapytali\u015bmy Polak\u00f3w czy wzi\u0119liby udzia\u0142 w wyborach parlamentarnych, gdyby mia\u0142y si\u0119 one odbywa\u0107<!--more--> w najbli\u017csz\u0105 niedziel\u0119, a osoby odpowiadaj\u0105ce pozytywnie proszone by\u0142y o wskazanie partii, kt\u00f3rej przekaza\u0142yby poparcie. Uzyskane wyniki zosta\u0142y zaprezentowane dla os\u00f3b deklaruj\u0105cych zamiar g\u0142osowania i maj\u0105cych sprecyzowane preferencje partyjne; osobno podano informacj\u0119 o liczbie os\u00f3b niezdecydowanych czy g\u0142osowa\u0107. Zebrane wyniki zosta\u0142y zestawione z wynikami uzyskiwanymi od listopada 2009 r.<\/p>\n<div class=\"infopay\">Raport udost\u0119pniany jest bezp\u0142atnie, w us\u0142udze &#8222;udost\u0119pnij aby pobra\u0107&#8221;.<br \/>\n          <b>Na czym to polega?<\/b> Raport b\u0119dzie dost\u0119pny do pobrania w pdf po udost\u0119pnieniu wpisu z linkiem do Archiwum Raport\u00f3w TNS Polska na wybranym serwisie spo\u0142eczno\u015bciowym: Facebooku lub Twitterze.\n          <\/div>\n","protected":false},"excerpt":{"rendered":"<p>Mi\u0119dzy 5 a 8 sierpnia TNS OBOP przeprowadzi\u0142 cykliczny pomiar preferencji partyjnych. W badaniu tym zapytali\u015bmy Polak\u00f3w czy wzi\u0119liby udzia\u0142 w wyborach parlamentarnych, gdyby mia\u0142y si\u0119 one odbywa\u0107<\/p>\n","protected":false},"author":1,"featured_media":0,"comment_status":"closed","ping_status":"closed","sticky":false,"template":"","format":"standard","meta":{"ngg_post_thumbnail":0},"categories":[1],"tags":[],"_links":{"self":[{"href":"https:\/\/public.kantarpolska.com\/archiwumraportow\/wp-json\/wp\/v2\/posts\/4835"}],"collection":[{"href":"https:\/\/public.kantarpolska.com\/archiwumraportow\/wp-json\/wp\/v2\/posts"}],"about":[{"href":"https:\/\/public.kantarpolska.com\/archiwumraportow\/wp-json\/wp\/v2\/types\/post"}],"author":[{"embeddable":true,"href":"https:\/\/public.kantarpolska.com\/archiwumraportow\/wp-json\/wp\/v2\/users\/1"}],"replies":[{"embeddable":true,"href":"https:\/\/public.kantarpolska.com\/archiwumraportow\/wp-json\/wp\/v2\/comments?post=4835"}],"version-history":[{"count":0,"href":"https:\/\/public.kantarpolska.com\/archiwumraportow\/wp-json\/wp\/v2\/posts\/4835\/revisions"}],"wp:attachment":[{"href":"https:\/\/public.kantarpolska.com\/archiwumraportow\/wp-json\/wp\/v2\/media?parent=4835"}],"wp:term":[{"taxonomy":"category","embeddable":true,"href":"https:\/\/public.kantarpolska.com\/archiwumraportow\/wp-json\/wp\/v2\/categories?post=4835"},{"taxonomy":"post_tag","embeddable":true,"href":"https:\/\/public.kantarpolska.com\/archiwumraportow\/wp-json\/wp\/v2\/tags?post=4835"}],"curies":[{"name":"wp","href":"https:\/\/api.w.org\/{rel}","templated":true}]}}