
{"id":4830,"date":"2010-08-27T00:00:00","date_gmt":"2010-08-27T00:00:00","guid":{"rendered":"https:\/\/www.tnsglobal.pl\/archiwumraportow\/2010\/08\/27\/sierpien-1980-roku-po-15-20-25-i-30-latach\/"},"modified":"2010-08-27T00:00:00","modified_gmt":"2010-08-27T00:00:00","slug":"sierpien-1980-roku-po-15-20-25-i-30-latach","status":"publish","type":"post","link":"https:\/\/public.kantarpolska.com\/archiwumraportow\/2010\/08\/27\/sierpien-1980-roku-po-15-20-25-i-30-latach\/","title":{"rendered":"Sierpie\u0144 1980 roku po 15, 20, 25 i 30 latach"},"content":{"rendered":"<p>Zbli\u017ca si\u0119 trzydziesta rocznica Sierpnia &#8217;80 &#8211; jednej z najwa\u017cniejszych dat w najnowszej historii Polski. Co s\u0105dz\u0105 dzi\u015b o tamtych wydarzeniach Polacy? TNS OBOP bada\u0142 ich opinie<!--more--> w sonda\u017cu przeprowadzonym w dn. 8-11.07.2010 r. Spytano ludzi, po czyjej stronie w\u00f3wczas si\u0119 opowiedzieli; kto &#8211; ich zdaniem &#8211;  z wydarze\u0144 Sierpnia &#8217;80 skorzysta\u0142, a kto straci\u0142; kogo poparliby, gdyby trafili nagle do Polski sprzed trzydziestu lat, a na koniec spytano ich, czy warto by\u0142o w\u00f3wczas  podejmowa\u0107 akcje strajkowe.Odpowiedzi na niekt\u00f3re z pyta\u0144 por\u00f3wnano z odpowiedziami uzyskanymi w sonda\u017cach przeprowadzonych z okazji poprzednich rocznic wydarze\u0144 sierpniowych: w roku 1995 i 2000 i 2005..<\/p>\n<div class=\"infopay\">Raport udost\u0119pniany jest bezp\u0142atnie, w us\u0142udze &#8222;udost\u0119pnij aby pobra\u0107&#8221;.<br \/>\n          <b>Na czym to polega?<\/b> Raport b\u0119dzie dost\u0119pny do pobrania w pdf po udost\u0119pnieniu wpisu z linkiem do Archiwum Raport\u00f3w TNS Polska na wybranym serwisie spo\u0142eczno\u015bciowym: Facebooku lub Twitterze.\n          <\/div>\n","protected":false},"excerpt":{"rendered":"<p>Zbli\u017ca si\u0119 trzydziesta rocznica Sierpnia &#8217;80 &#8211; jednej z najwa\u017cniejszych dat w najnowszej historii Polski. Co s\u0105dz\u0105 dzi\u015b o tamtych wydarzeniach Polacy? TNS OBOP bada\u0142 ich opinie<\/p>\n","protected":false},"author":1,"featured_media":0,"comment_status":"closed","ping_status":"closed","sticky":false,"template":"","format":"standard","meta":{"ngg_post_thumbnail":0},"categories":[1],"tags":[],"_links":{"self":[{"href":"https:\/\/public.kantarpolska.com\/archiwumraportow\/wp-json\/wp\/v2\/posts\/4830"}],"collection":[{"href":"https:\/\/public.kantarpolska.com\/archiwumraportow\/wp-json\/wp\/v2\/posts"}],"about":[{"href":"https:\/\/public.kantarpolska.com\/archiwumraportow\/wp-json\/wp\/v2\/types\/post"}],"author":[{"embeddable":true,"href":"https:\/\/public.kantarpolska.com\/archiwumraportow\/wp-json\/wp\/v2\/users\/1"}],"replies":[{"embeddable":true,"href":"https:\/\/public.kantarpolska.com\/archiwumraportow\/wp-json\/wp\/v2\/comments?post=4830"}],"version-history":[{"count":0,"href":"https:\/\/public.kantarpolska.com\/archiwumraportow\/wp-json\/wp\/v2\/posts\/4830\/revisions"}],"wp:attachment":[{"href":"https:\/\/public.kantarpolska.com\/archiwumraportow\/wp-json\/wp\/v2\/media?parent=4830"}],"wp:term":[{"taxonomy":"category","embeddable":true,"href":"https:\/\/public.kantarpolska.com\/archiwumraportow\/wp-json\/wp\/v2\/categories?post=4830"},{"taxonomy":"post_tag","embeddable":true,"href":"https:\/\/public.kantarpolska.com\/archiwumraportow\/wp-json\/wp\/v2\/tags?post=4830"}],"curies":[{"name":"wp","href":"https:\/\/api.w.org\/{rel}","templated":true}]}}