
{"id":4829,"date":"2010-08-30T00:00:00","date_gmt":"2010-08-30T00:00:00","guid":{"rendered":"https:\/\/www.tnsglobal.pl\/archiwumraportow\/2010\/08\/30\/dzielo-solidarnosci-z-perspektywy-30-lat\/"},"modified":"2010-08-30T00:00:00","modified_gmt":"2010-08-30T00:00:00","slug":"dzielo-solidarnosci-z-perspektywy-30-lat","status":"publish","type":"post","link":"https:\/\/public.kantarpolska.com\/archiwumraportow\/2010\/08\/30\/dzielo-solidarnosci-z-perspektywy-30-lat\/","title":{"rendered":"Dzie\u0142o Solidarno\u015bci z perspektywy 30 lat"},"content":{"rendered":"<p>Solidarno\u015b\u0107, &#8222;totalny ruch spo\u0142eczny&#8221; podj\u0119\u0142a trzy wielkie zadania: jako ruch zwi\u0105zkowy podj\u0119\u0142a walk\u0119 o prawa socjalne i popraw\u0119 po\u0142o\u017cenia ludzi pracy, jako ruch polityczny &#8211; walk\u0119<!--more--> o demokracj\u0119, a jako zryw narodowy podj\u0119\u0142a sprawy to\u017csamo\u015bci narodowej i niepodleg\u0142o\u015bci. Pi\u0119\u0107 lat temu, przed obchodami 25-lecia Solidarno\u015bci TNS OBOP zapyta\u0142 Polak\u00f3w, czy Solidarno\u015bci uda\u0142o si\u0119 w ka\u017cdej z tych trzech dziedzin.  Badanie to powt\u00f3rzono po pi\u0119ciu latach, rnw sierpniu 2010 r., przed obchodami 30-lecia Solidarno\u015bci. Raport informuje o wynikach obu tych sonda\u017cy.<\/p>\n<div class=\"infopay\">Raport udost\u0119pniany jest bezp\u0142atnie, w us\u0142udze &#8222;udost\u0119pnij aby pobra\u0107&#8221;.<br \/>\n          <b>Na czym to polega?<\/b> Raport b\u0119dzie dost\u0119pny do pobrania w pdf po udost\u0119pnieniu wpisu z linkiem do Archiwum Raport\u00f3w TNS Polska na wybranym serwisie spo\u0142eczno\u015bciowym: Facebooku lub Twitterze.\n          <\/div>\n","protected":false},"excerpt":{"rendered":"<p>Solidarno\u015b\u0107, &#8222;totalny ruch spo\u0142eczny&#8221; podj\u0119\u0142a trzy wielkie zadania: jako ruch zwi\u0105zkowy podj\u0119\u0142a walk\u0119 o prawa socjalne i popraw\u0119 po\u0142o\u017cenia ludzi pracy, jako ruch polityczny &#8211; walk\u0119<\/p>\n","protected":false},"author":1,"featured_media":0,"comment_status":"closed","ping_status":"closed","sticky":false,"template":"","format":"standard","meta":{"ngg_post_thumbnail":0},"categories":[1],"tags":[],"_links":{"self":[{"href":"https:\/\/public.kantarpolska.com\/archiwumraportow\/wp-json\/wp\/v2\/posts\/4829"}],"collection":[{"href":"https:\/\/public.kantarpolska.com\/archiwumraportow\/wp-json\/wp\/v2\/posts"}],"about":[{"href":"https:\/\/public.kantarpolska.com\/archiwumraportow\/wp-json\/wp\/v2\/types\/post"}],"author":[{"embeddable":true,"href":"https:\/\/public.kantarpolska.com\/archiwumraportow\/wp-json\/wp\/v2\/users\/1"}],"replies":[{"embeddable":true,"href":"https:\/\/public.kantarpolska.com\/archiwumraportow\/wp-json\/wp\/v2\/comments?post=4829"}],"version-history":[{"count":0,"href":"https:\/\/public.kantarpolska.com\/archiwumraportow\/wp-json\/wp\/v2\/posts\/4829\/revisions"}],"wp:attachment":[{"href":"https:\/\/public.kantarpolska.com\/archiwumraportow\/wp-json\/wp\/v2\/media?parent=4829"}],"wp:term":[{"taxonomy":"category","embeddable":true,"href":"https:\/\/public.kantarpolska.com\/archiwumraportow\/wp-json\/wp\/v2\/categories?post=4829"},{"taxonomy":"post_tag","embeddable":true,"href":"https:\/\/public.kantarpolska.com\/archiwumraportow\/wp-json\/wp\/v2\/tags?post=4829"}],"curies":[{"name":"wp","href":"https:\/\/api.w.org\/{rel}","templated":true}]}}